{"id":113162,"date":"2021-03-15T14:00:53","date_gmt":"2021-03-15T18:00:53","guid":{"rendered":"https:\/\/linitiative.ca\/International\/emmanuel-faber-debarque-gilles-schnepp-prend-les-commandes\/"},"modified":"2021-03-15T14:00:53","modified_gmt":"2021-03-15T18:00:53","slug":"emmanuel-faber-debarque-gilles-schnepp-prend-les-commandes","status":"publish","type":"post","link":"https:\/\/linitiative.ca\/International\/emmanuel-faber-debarque-gilles-schnepp-prend-les-commandes\/","title":{"rendered":"Emmanuel Faber d\u00e9barqu\u00e9, Gilles Schnepp prend les commandes"},"content":{"rendered":"<p class=\"c1\"><strong>Changement \u00e0 la t\u00eate du g\u00e9ant de l\u2019agroalimentaire fran\u00e7ais Danone<\/strong><\/p>\n<p><strong>Le conseil d\u2019administration de Danone, a \u00e9lu dimanche soir l\u2019administrateur Gilles Schnepp \u00e0 la place d\u2019Emmanuel Faber, \u00e9cart\u00e9 de la pr\u00e9sidence du g\u00e9ant fran\u00e7ais de l\u2019agroalimentaire, rapportent les m\u00e9dias de l\u2019hexagone.<br \/>Cette d\u00e9cision est \u00e0 \u00ab\u00a0avec effet imm\u00e9diat\u00a0\u00bb, a pr\u00e9cis\u00e9 le groupe dans un communiqu\u00e9 publi\u00e9 lundi.<\/strong><\/p>\n<p>Emmanuel Faber a \u00e9t\u00e9 remplac\u00e9 \u00e0 la pr\u00e9sidence du conseil d\u2019administration du g\u00e9ant de l\u2019agroalimentaire par l\u2019ancien patron de Legrand.<br \/>\u00c2g\u00e9 de 57 ans, Emmanuel Faber \u00e9tait directeur g\u00e9n\u00e9ral depuis 2014 et PDG depuis 2017.<\/p>\n<p>Le 1er mars, le conseil d\u2019administration de Danone avait d\u00e9cid\u00e9 de le d\u00e9mettre de ses fonctions de directeur g\u00e9n\u00e9ral mais de le maintenir \u00e0 son poste de pr\u00e9sident. Une d\u00e9cision critiqu\u00e9e par plusieurs fonds d\u2019investissement comme le fonds am\u00e9ricain Artisan Partners, troisi\u00e8me actionnaire de Danone avec environ 3% du capital.<\/p>\n<p>Gilles Schnepp, 62 ans, est l\u2019ex-patron du fabricant de mat\u00e9riel \u00e9lectrique Legrand. Il aura pour mission de \u00ab conduire la transition de Danone vers une gouvernance renforc\u00e9e \u00bb.<\/p>\n<p>\u00abCela passe par une acc\u00e9l\u00e9ration du processus de recrutement d\u2019un nouveau Directeur G\u00e9n\u00e9ral\u00bb, indique Gilles Schnepp dans le communiqu\u00e9 publi\u00e9 lundi par le groupe.<br \/>Les difficult\u00e9s du num\u00e9ro un mondial des produits laitiers frais ont \u00e9t\u00e9 aggrav\u00e9es par la crise sanitaire. En novembre dernier, l\u2019industriel fran\u00e7ais a annonc\u00e9 un plan pr\u00e9voyant la r\u00e9duction de 20 % de ses co\u00fbts de structure, soit la suppression de 1.500 \u00e0 2.000 postes dans le monde, pour g\u00e9n\u00e9rer un milliard d\u2019euros d\u2019\u00e9conomie d\u2019ici 2023. Ce plan d\u2019\u00e9conomie permettra d\u2019investir dans la croissance et les marques.<\/p>\n<p>indique Gilles Schnepp dans le communiqu\u00e9 publi\u00e9 lundi par le groupe.<br \/>Les difficult\u00e9s du num\u00e9ro un mondial des produits laitiers frais ont \u00e9t\u00e9 aggrav\u00e9es par la crise sanitaire. En novembre dernier, l\u2019industriel fran\u00e7ais a annonc\u00e9 un plan pr\u00e9voyant la r\u00e9duction de 20 % de ses co\u00fbts de structure, soit la suppression de 1.500 \u00e0 2.000 postes dans le monde, pour g\u00e9n\u00e9rer un milliard d\u2019euros d\u2019\u00e9conomie d\u2019ici 2023. Ce plan d\u2019\u00e9conomie permettra d\u2019investir dans la croissance et les marques.<\/p>\n<p>Auteur: M&rsquo;hammed rahal<br \/>\n<a href=\"http:\/\/albayane.press.ma\/emmanuel-faber-debarque-gilles-schnepp-prend-les-commandes.html\">Cliquez ici pour lire l&rsquo;article depuis sa source.<\/a><\/p>\n","protected":false},"excerpt":{"rendered":"<p>Changement \u00e0 la t\u00eate du g\u00e9ant de l\u2019agroalimentaire fran\u00e7ais Danone Le conseil d\u2019administration de Danone, a \u00e9lu dimanche soir l\u2019administrateur Gilles Schnepp \u00e0 la place d\u2019Emmanuel Faber, \u00e9cart\u00e9 de la pr\u00e9sidence du g\u00e9ant fran\u00e7ais de l\u2019agroalimentaire, rapportent les m\u00e9dias de l\u2019hexagone.Cette d\u00e9cision est \u00e0 \u00ab\u00a0avec effet imm\u00e9diat\u00a0\u00bb, a pr\u00e9cis\u00e9 le groupe dans un communiqu\u00e9 publi\u00e9 [&hellip;]<\/p>\n","protected":false},"author":1760,"featured_media":0,"comment_status":"closed","ping_status":"closed","sticky":false,"template":"","format":"standard","meta":{"fifu_image_url":"","fifu_image_alt":"","footnotes":""},"categories":[73,54],"tags":[],"class_list":["post-113162","post","type-post","status-publish","format-standard","hentry","category-actualite","category-maroc"],"_links":{"self":[{"href":"https:\/\/linitiative.ca\/International\/wp-json\/wp\/v2\/posts\/113162","targetHints":{"allow":["GET"]}}],"collection":[{"href":"https:\/\/linitiative.ca\/International\/wp-json\/wp\/v2\/posts"}],"about":[{"href":"https:\/\/linitiative.ca\/International\/wp-json\/wp\/v2\/types\/post"}],"author":[{"embeddable":true,"href":"https:\/\/linitiative.ca\/International\/wp-json\/wp\/v2\/users\/1760"}],"replies":[{"embeddable":true,"href":"https:\/\/linitiative.ca\/International\/wp-json\/wp\/v2\/comments?post=113162"}],"version-history":[{"count":0,"href":"https:\/\/linitiative.ca\/International\/wp-json\/wp\/v2\/posts\/113162\/revisions"}],"wp:attachment":[{"href":"https:\/\/linitiative.ca\/International\/wp-json\/wp\/v2\/media?parent=113162"}],"wp:term":[{"taxonomy":"category","embeddable":true,"href":"https:\/\/linitiative.ca\/International\/wp-json\/wp\/v2\/categories?post=113162"},{"taxonomy":"post_tag","embeddable":true,"href":"https:\/\/linitiative.ca\/International\/wp-json\/wp\/v2\/tags?post=113162"}],"curies":[{"name":"wp","href":"https:\/\/api.w.org\/{rel}","templated":true}]}}