{"id":113164,"date":"2021-03-16T07:32:26","date_gmt":"2021-03-16T11:32:26","guid":{"rendered":"https:\/\/linitiative.ca\/International\/la-bcp-lance-le-1er-barometre-dedie-aux-marocains-du-monde\/"},"modified":"2021-03-16T07:32:26","modified_gmt":"2021-03-16T11:32:26","slug":"la-bcp-lance-le-1er-barometre-dedie-aux-marocains-du-monde","status":"publish","type":"post","link":"https:\/\/linitiative.ca\/International\/la-bcp-lance-le-1er-barometre-dedie-aux-marocains-du-monde\/","title":{"rendered":"La BCP lance le 1er barom\u00e8tre d\u00e9die aux marocains du monde"},"content":{"rendered":"<p><strong>La Banque Populaire lance, en partenariat avec l\u2019institut d\u2019\u00e9tudes IPSOS, le 1er barom\u00e8tre qui leur est d\u00e9di\u00e9. Celui-ci permettra, \u00e0 travers des enqu\u00eates r\u00e9alis\u00e9es aupr\u00e8s de cette population, de mieux conna\u00eetre ses tendances et ses besoins, qui seront partag\u00e9s avec le grand public et tout l\u2019\u00e9cosyst\u00e8me MDM. Dans le cadre de ce barom\u00e8tre, une premi\u00e8re enqu\u00eate r\u00e9alis\u00e9e en 2020 a concern\u00e9 pr\u00e8s de 1 500 Marocains de tous \u00e2ges, r\u00e9sidant dans 10 pays \u00e0 travers le monde.<\/strong><\/p>\n<p>Les r\u00e9sultats de cette \u00e9tude viennent confirmer le lien fort des Marocains du Monde avec leur pays d\u2019origine, avec 59% d\u2019entre eux qui d\u00e9clarent poss\u00e9der une propri\u00e9t\u00e9 au Maroc. En dehors du contexte de pand\u00e9mie, ils d\u00e9clarent visiter le Maroc 2 fois par an en moyenne et bon nombre d\u2019entre eux envisagent, dans le futur, de s\u2019installer d\u00e9finitivement au Maroc. Ce lien fort se confirme \u00e9galement en mati\u00e8re d\u2019investissement, avec 45% de la population interrog\u00e9e qui souhaite initier un projet au Maroc. Dans un autre registre, cette premi\u00e8re \u00e9dition montre que la crise sanitaire a mod\u00e9r\u00e9ment affect\u00e9 les finances des Marocains du Monde, puisque seuls 20% d\u2019entre eux d\u00e9clarent un impact fort sur leurs emplois, leurs revenus et, par cons\u00e9quent, sur leur stabilit\u00e9 financi\u00e8re.<\/p>\n<p>Toutefois, certains sont plus touch\u00e9s que d\u2019autres. C\u2019est le cas de ceux r\u00e9sidant en Espagne, en Italie et dans les pays du Moyen-Orient, dont un grand nombre exerce dans le secteur des services (notamment la restauration et l\u2019h\u00f4tellerie), qui a \u00e9t\u00e9 fortement impact\u00e9 pas la crise.\u00a0 Ces diff\u00e9rents constats expliquent la r\u00e9silience des transferts des Marocains du Monde qui se maintiennent et contribuent plus que jamais au soutien de l\u2019\u00e9conomie marocaine. Le Barom\u00e8tre MDM, est une nouvelle initiative de la Banque Populaire, qui vient conforter son r\u00f4le en tant que trait d\u2019union entre les Marocains du Monde et leur pays.<\/p>\n<p>\u00a0Avec plus d\u2019un million de clients et une part de march\u00e9 d\u00e9passant 52%, la Banque Populaire est le partenaire bancaire privil\u00e9gi\u00e9 des Marocains du Monde. Elle est pr\u00e9sente \u00e0 leurs c\u00f4t\u00e9s au quotidien, gr\u00e2ce \u00e0 son large r\u00e9seau de distribution op\u00e9rant dans plus de 20 pays sur quatre continents, \u00e0 ses canaux digitaux innovants, ainsi qu\u2019\u00e0 son offre de produits et services sans cesse renouvel\u00e9e pour leur garantir la meilleure exp\u00e9rience utilisateur.<\/p>\n<p>Auteur: M&rsquo;hammed rahal<br \/>\n<a href=\"http:\/\/albayane.press.ma\/la-bcp-lance-le-1er-barometre-dedie-aux-marocains-du-monde.html\">Cliquez ici pour lire l&rsquo;article depuis sa source.<\/a><\/p>\n","protected":false},"excerpt":{"rendered":"<p>La Banque Populaire lance, en partenariat avec l\u2019institut d\u2019\u00e9tudes IPSOS, le 1er barom\u00e8tre qui leur est d\u00e9di\u00e9. Celui-ci permettra, \u00e0 travers des enqu\u00eates r\u00e9alis\u00e9es aupr\u00e8s de cette population, de mieux conna\u00eetre ses tendances et ses besoins, qui seront partag\u00e9s avec le grand public et tout l\u2019\u00e9cosyst\u00e8me MDM. Dans le cadre de ce barom\u00e8tre, une premi\u00e8re [&hellip;]<\/p>\n","protected":false},"author":1760,"featured_media":0,"comment_status":"closed","ping_status":"closed","sticky":false,"template":"","format":"standard","meta":{"fifu_image_url":"","fifu_image_alt":"","footnotes":""},"categories":[73,54],"tags":[],"class_list":["post-113164","post","type-post","status-publish","format-standard","hentry","category-actualite","category-maroc"],"_links":{"self":[{"href":"https:\/\/linitiative.ca\/International\/wp-json\/wp\/v2\/posts\/113164","targetHints":{"allow":["GET"]}}],"collection":[{"href":"https:\/\/linitiative.ca\/International\/wp-json\/wp\/v2\/posts"}],"about":[{"href":"https:\/\/linitiative.ca\/International\/wp-json\/wp\/v2\/types\/post"}],"author":[{"embeddable":true,"href":"https:\/\/linitiative.ca\/International\/wp-json\/wp\/v2\/users\/1760"}],"replies":[{"embeddable":true,"href":"https:\/\/linitiative.ca\/International\/wp-json\/wp\/v2\/comments?post=113164"}],"version-history":[{"count":0,"href":"https:\/\/linitiative.ca\/International\/wp-json\/wp\/v2\/posts\/113164\/revisions"}],"wp:attachment":[{"href":"https:\/\/linitiative.ca\/International\/wp-json\/wp\/v2\/media?parent=113164"}],"wp:term":[{"taxonomy":"category","embeddable":true,"href":"https:\/\/linitiative.ca\/International\/wp-json\/wp\/v2\/categories?post=113164"},{"taxonomy":"post_tag","embeddable":true,"href":"https:\/\/linitiative.ca\/International\/wp-json\/wp\/v2\/tags?post=113164"}],"curies":[{"name":"wp","href":"https:\/\/api.w.org\/{rel}","templated":true}]}}