{"id":113167,"date":"2021-03-16T09:00:00","date_gmt":"2021-03-16T13:00:00","guid":{"rendered":"https:\/\/linitiative.ca\/International\/changement-a-la-tete-de-la-dgsn\/"},"modified":"2021-03-16T09:00:00","modified_gmt":"2021-03-16T13:00:00","slug":"changement-a-la-tete-de-la-dgsn","status":"publish","type":"post","link":"https:\/\/linitiative.ca\/International\/changement-a-la-tete-de-la-dgsn\/","title":{"rendered":"Changement \u00e0 la t\u00eate de la DGSN"},"content":{"rendered":"<div id=\"originalText\" readability=\"46\">\n<p>M. Farid Zineddine Bencheikh a \u00e9t\u00e9 nomm\u00e9 Directeur g\u00e9n\u00e9ral de la S\u00fbret\u00e9 nationale (DGSN) en remplacement de M. Khelifa Ounissi dont il a \u00e9t\u00e9 mis fin aux fonctions, indique mardi un communiqu\u00e9 du minist\u00e8re de l&rsquo;Int\u00e9rieur, des Collectivit\u00e9s locales et de l&rsquo;Am\u00e9nagement du Territoire.<\/p>\n<p>\u00ab\u00a0Le minist\u00e8re de l&rsquo;Int\u00e9rieur, des Collectivit\u00e9s locales et de l&rsquo;Am\u00e9nagement du Territoire annonce qu&rsquo;en vertu du d\u00e9cret pr\u00e9sidentiel du 1er Cha\u00e2bane 1442, correspondant au 15 mars 2021, M. Farid Zineddine Bencheikh est nomm\u00e9 Directeur g\u00e9n\u00e9ral de la S\u00fbret\u00e9 nationale (DGSN), en remplacement de Khelifa Ounissi dont il a \u00e9t\u00e9 mis fin aux fonctions\u00a0\u00bb, pr\u00e9cise le communiqu\u00e9.<\/p>\n<p class=\"c6\"><strong>APS<\/strong><\/p>\n<\/div>\n<div id=\"text_core\" readability=\"46\">\n<p>M. Farid Zineddine Bencheikh a \u00e9t\u00e9 nomm\u00e9 Directeur g\u00e9n\u00e9ral de la S\u00fbret\u00e9 nationale (DGSN) en remplacement de M. Khelifa Ounissi dont il a \u00e9t\u00e9 mis fin aux fonctions, indique mardi un communiqu\u00e9 du minist\u00e8re de l&rsquo;Int\u00e9rieur, des Collectivit\u00e9s locales et de l&rsquo;Am\u00e9nagement du Territoire.<\/p>\n<p>\u00ab\u00a0Le minist\u00e8re de l&rsquo;Int\u00e9rieur, des Collectivit\u00e9s locales et de l&rsquo;Am\u00e9nagement du Territoire annonce qu&rsquo;en vertu du d\u00e9cret pr\u00e9sidentiel du 1er Cha\u00e2bane 1442, correspondant au 15 mars 2021, M. Farid Zineddine Bencheikh est nomm\u00e9 Directeur g\u00e9n\u00e9ral de la S\u00fbret\u00e9 nationale (DGSN), en remplacement de Khelifa Ounissi dont il a \u00e9t\u00e9 mis fin aux fonctions\u00a0\u00bb, pr\u00e9cise le communiqu\u00e9.<\/p>\n<p class=\"c6\"><strong>APS<\/strong><\/p>\n<\/div>\n<p>Auteur:<br \/>\n<a href=\"https:\/\/www.liberte-algerie.com\/actualite\/changement-a-la-tete-de-la-dgsn-355658\">Cliquez ici pour lire l&rsquo;article depuis sa source.<\/a><\/p>\n","protected":false},"excerpt":{"rendered":"<p>M. Farid Zineddine Bencheikh a \u00e9t\u00e9 nomm\u00e9 Directeur g\u00e9n\u00e9ral de la S\u00fbret\u00e9 nationale (DGSN) en remplacement de M. Khelifa Ounissi dont il a \u00e9t\u00e9 mis fin aux fonctions, indique mardi un communiqu\u00e9 du minist\u00e8re de l&rsquo;Int\u00e9rieur, des Collectivit\u00e9s locales et de l&rsquo;Am\u00e9nagement du Territoire. \u00ab\u00a0Le minist\u00e8re de l&rsquo;Int\u00e9rieur, des Collectivit\u00e9s locales et de l&rsquo;Am\u00e9nagement du [&hellip;]<\/p>\n","protected":false},"author":1742,"featured_media":0,"comment_status":"closed","ping_status":"closed","sticky":false,"template":"","format":"standard","meta":{"fifu_image_url":"","fifu_image_alt":"","footnotes":""},"categories":[73,53],"tags":[],"class_list":["post-113167","post","type-post","status-publish","format-standard","hentry","category-actualite","category-algerie"],"_links":{"self":[{"href":"https:\/\/linitiative.ca\/International\/wp-json\/wp\/v2\/posts\/113167","targetHints":{"allow":["GET"]}}],"collection":[{"href":"https:\/\/linitiative.ca\/International\/wp-json\/wp\/v2\/posts"}],"about":[{"href":"https:\/\/linitiative.ca\/International\/wp-json\/wp\/v2\/types\/post"}],"author":[{"embeddable":true,"href":"https:\/\/linitiative.ca\/International\/wp-json\/wp\/v2\/users\/1742"}],"replies":[{"embeddable":true,"href":"https:\/\/linitiative.ca\/International\/wp-json\/wp\/v2\/comments?post=113167"}],"version-history":[{"count":0,"href":"https:\/\/linitiative.ca\/International\/wp-json\/wp\/v2\/posts\/113167\/revisions"}],"wp:attachment":[{"href":"https:\/\/linitiative.ca\/International\/wp-json\/wp\/v2\/media?parent=113167"}],"wp:term":[{"taxonomy":"category","embeddable":true,"href":"https:\/\/linitiative.ca\/International\/wp-json\/wp\/v2\/categories?post=113167"},{"taxonomy":"post_tag","embeddable":true,"href":"https:\/\/linitiative.ca\/International\/wp-json\/wp\/v2\/tags?post=113167"}],"curies":[{"name":"wp","href":"https:\/\/api.w.org\/{rel}","templated":true}]}}