{"id":113168,"date":"2021-03-16T11:35:00","date_gmt":"2021-03-16T15:35:00","guid":{"rendered":"https:\/\/linitiative.ca\/International\/video-les-etudiants-ont-encore-marche\/"},"modified":"2021-03-16T11:35:00","modified_gmt":"2021-03-16T15:35:00","slug":"video-les-etudiants-ont-encore-marche","status":"publish","type":"post","link":"https:\/\/linitiative.ca\/International\/video-les-etudiants-ont-encore-marche\/","title":{"rendered":"[Vid\u00e9o] Les \u00e9tudiants ont encore march\u00e9"},"content":{"rendered":"<div id=\"originalText\" readability=\"52\">\n<p>Des centaines d\u2019\u00e9tudiants\u00a0appuy\u00e9s par de nombreux citoyens ont march\u00e9, ce mardi, \u00e0 la Alger, pour r\u00e9clamer un changement radical du syst\u00e8me.<\/p>\n<p>Pour leur 108e marche hebdomadaire, les \u00e9tudiants ont appel\u00e9 \u00e0 l\u2019instauration d\u2019un v\u00e9ritable \u00ab\u00a0Etat civil\u00a0\u00bb, \u00e0 une \u00ab\u00a0presse libre \u00bb et \u00e0 \u00ab\u00a0une justice ind\u00e9pendante\u00a0\u00bb.<\/p>\n<p>Un important dispositif s\u00e9curitaire a \u00e9t\u00e9 mobilis\u00e9 pour la circonstance, et les points d\u2019acc\u00e8s \u00e0 la capitale ont connu des bouchons infernaux.<\/p>\n<p>Selon le comit\u00e9 national pour la lib\u00e9ration des d\u00e9tenus (CNLD), un \u00e9tudiant a \u00e9t\u00e9 arr\u00eat\u00e9, ce matin, avant le d\u00e9but de la marche, au niveau de la gare routi\u00e8re de Tafourah.<\/p>\n<p><iframe loading=\"lazy\" allow=\"accelerometer; autoplay; clipboard-write; encrypted-media; gyroscope; picture-in-picture\" allowfullscreen=\"allowfullscreen\" frameborder=\"0\" height=\"315\" src=\"https:\/\/www.youtube.com\/embed\/RSwL83Df5cY\" width=\"560\">[embedded content]<\/iframe><\/p>\n<p class=\"c6\"><strong>R\u00e9daction Web\u00a0<\/strong><\/p>\n<\/div>\n<div id=\"text_core\" readability=\"52\">\n<p>Des centaines d\u2019\u00e9tudiants\u00a0appuy\u00e9s par de nombreux citoyens ont march\u00e9, ce mardi, \u00e0 la Alger, pour r\u00e9clamer un changement radical du syst\u00e8me.<\/p>\n<p>Pour leur 108e marche hebdomadaire, les \u00e9tudiants ont appel\u00e9 \u00e0 l\u2019instauration d\u2019un v\u00e9ritable \u00ab\u00a0Etat civil\u00a0\u00bb, \u00e0 une \u00ab\u00a0presse libre \u00bb et \u00e0 \u00ab\u00a0une justice ind\u00e9pendante\u00a0\u00bb.<\/p>\n<p>Un important dispositif s\u00e9curitaire a \u00e9t\u00e9 mobilis\u00e9 pour la circonstance, et les points d\u2019acc\u00e8s \u00e0 la capitale ont connu des bouchons infernaux.<\/p>\n<p>Selon le comit\u00e9 national pour la lib\u00e9ration des d\u00e9tenus (CNLD), un \u00e9tudiant a \u00e9t\u00e9 arr\u00eat\u00e9, ce matin, avant le d\u00e9but de la marche, au niveau de la gare routi\u00e8re de Tafourah.<\/p>\n<p><iframe loading=\"lazy\" allow=\"accelerometer; autoplay; clipboard-write; encrypted-media; gyroscope; picture-in-picture\" allowfullscreen=\"allowfullscreen\" frameborder=\"0\" height=\"315\" src=\"https:\/\/www.youtube.com\/embed\/RSwL83Df5cY\" width=\"560\">[embedded content]<\/iframe><\/p>\n<p class=\"c6\"><strong>R\u00e9daction Web\u00a0<\/strong><\/p>\n<\/div>\n<p>Auteur:<br \/>\n<a href=\"https:\/\/www.liberte-algerie.com\/actualite\/video-les-etudiants-ont-encore-marche-355659\">Cliquez ici pour lire l&rsquo;article depuis sa source.<\/a><\/p>\n","protected":false},"excerpt":{"rendered":"<p>Des centaines d\u2019\u00e9tudiants\u00a0appuy\u00e9s par de nombreux citoyens ont march\u00e9, ce mardi, \u00e0 la Alger, pour r\u00e9clamer un changement radical du syst\u00e8me. Pour leur 108e marche hebdomadaire, les \u00e9tudiants ont appel\u00e9 \u00e0 l\u2019instauration d\u2019un v\u00e9ritable \u00ab\u00a0Etat civil\u00a0\u00bb, \u00e0 une \u00ab\u00a0presse libre \u00bb et \u00e0 \u00ab\u00a0une justice ind\u00e9pendante\u00a0\u00bb. Un important dispositif s\u00e9curitaire a \u00e9t\u00e9 mobilis\u00e9 pour la [&hellip;]<\/p>\n","protected":false},"author":1742,"featured_media":0,"comment_status":"closed","ping_status":"closed","sticky":false,"template":"","format":"standard","meta":{"fifu_image_url":"","fifu_image_alt":"","footnotes":""},"categories":[73,53],"tags":[],"class_list":["post-113168","post","type-post","status-publish","format-standard","hentry","category-actualite","category-algerie"],"_links":{"self":[{"href":"https:\/\/linitiative.ca\/International\/wp-json\/wp\/v2\/posts\/113168","targetHints":{"allow":["GET"]}}],"collection":[{"href":"https:\/\/linitiative.ca\/International\/wp-json\/wp\/v2\/posts"}],"about":[{"href":"https:\/\/linitiative.ca\/International\/wp-json\/wp\/v2\/types\/post"}],"author":[{"embeddable":true,"href":"https:\/\/linitiative.ca\/International\/wp-json\/wp\/v2\/users\/1742"}],"replies":[{"embeddable":true,"href":"https:\/\/linitiative.ca\/International\/wp-json\/wp\/v2\/comments?post=113168"}],"version-history":[{"count":0,"href":"https:\/\/linitiative.ca\/International\/wp-json\/wp\/v2\/posts\/113168\/revisions"}],"wp:attachment":[{"href":"https:\/\/linitiative.ca\/International\/wp-json\/wp\/v2\/media?parent=113168"}],"wp:term":[{"taxonomy":"category","embeddable":true,"href":"https:\/\/linitiative.ca\/International\/wp-json\/wp\/v2\/categories?post=113168"},{"taxonomy":"post_tag","embeddable":true,"href":"https:\/\/linitiative.ca\/International\/wp-json\/wp\/v2\/tags?post=113168"}],"curies":[{"name":"wp","href":"https:\/\/api.w.org\/{rel}","templated":true}]}}