{"id":113169,"date":"2021-03-15T16:25:29","date_gmt":"2021-03-15T20:25:29","guid":{"rendered":"https:\/\/linitiative.ca\/International\/installation-du-nouveau-directeur-provincial-de-leducation-nationale\/"},"modified":"2021-03-15T16:25:29","modified_gmt":"2021-03-15T20:25:29","slug":"installation-du-nouveau-directeur-provincial-de-leducation-nationale","status":"publish","type":"post","link":"https:\/\/linitiative.ca\/International\/installation-du-nouveau-directeur-provincial-de-leducation-nationale\/","title":{"rendered":"Installation du nouveau directeur provincial de l\u2019\u00e9ducation nationale"},"content":{"rendered":"<div readability=\"40\">\n<p>Benguerir (province de Rehamna) \u2013 La c\u00e9r\u00e9monie d\u2019installation du nouveau directeur provincial de l\u2019\u00e9ducation nationale \u00e0 Rehamna, Moha Mohamadi, a eu lieu, lundi, au si\u00e8ge de la direction \u00e0 Benguerir et ce, en vue de donner une nouvelle impulsion au syst\u00e8me de pilotage et de gestion de la chose \u00e9ducative \u00e0 l\u2019\u00e9chelle provinciale dans la r\u00e9gion de Marrakech-Safi.<\/p>\n<\/div>\n<div readability=\"82\">\n<p>Intervenant lors de la c\u00e9r\u00e9monie d\u2019installation de M. Mohamadi, le directeur de l\u2019Acad\u00e9mie R\u00e9gionale d\u2019Education et de Formation (AREF) Marrakech- Safi, My Ahmed Karimi a salu\u00e9 les efforts et la contribution de son pr\u00e9d\u00e9cesseur, M. Salem Messaoudi, \u00e0 la r\u00e9alisation de plusieurs performances, le temps qu\u2019il \u00e9tait \u00e0 la t\u00eate de la direction provinciale, lit-on dans un communiqu\u00e9 de l\u2019AREF.<\/p>\n<p>Il a, par la suite, donn\u00e9 un aper\u00e7u sur le parcours acad\u00e9mique et la carri\u00e8re professionnelle de M. Mohamadi, tout en le f\u00e9licitant pour la confiance plac\u00e9e en lui par le minist\u00e8re pour assumer cette mission.<\/p>\n<p>M. Karimi a, en outre, exprim\u00e9 ses v\u0153ux de plein succ\u00e8s au nouveau directeur provincial dans ses nouvelles fonctions, tout en l\u2019invitant \u00e0 mettre \u00e0 contribution toute son expertise et les comp\u00e9tences qu\u2019il a accumul\u00e9es en vue de l\u2019am\u00e9lioration du syst\u00e8me de l\u2019\u00e9ducation et de la formation.<\/p>\n<p>Au cours de cette rencontre restreinte, qui s\u2019est d\u00e9roul\u00e9e dans le strict respect des mesures pr\u00e9ventives pour contenir la propagation de la Covid-19, le directeur de l\u2019AREF a appel\u00e9 les chefs des services ainsi que tous les cadres et employ\u00e9s de la direction provinciale de l\u2019\u00e9ducation nationale \u00e0 Rehamna, \u00e0 davantage d\u2019engagement et de pers\u00e9v\u00e9rance afin de r\u00e9ussir la d\u00e9clinaison de la loi-cadre 51.17 et de promouvoir l\u2019\u00e9cole marocaine.<\/p>\n<p>Ce mouvement, men\u00e9 par le minist\u00e8re de l\u2019Education nationale, de la Formation professionnelle, de l\u2019Enseignement sup\u00e9rieur et de la Recherche scientifique, s\u2019inscrit dans le cadre des efforts visant \u00e0 mettre les structures du minist\u00e8re au diapason du d\u00e9coupage administratif ainsi que de la mise en \u0153uvre des proc\u00e9dures juridiques et r\u00e9glementaires en mati\u00e8re de nomination aux postes de responsabilit\u00e9.<\/p>\n<p>Le minist\u00e8re aspire \u00e0 travers ce mouvement \u00e0 insuffler une nouvelle dynamique au syst\u00e8me de pilotage et de gestion des questions d\u2019ordre p\u00e9dagogique au niveau r\u00e9gional, afin de faire face aux enjeux et d\u00e9fis auxquels est confront\u00e9 le syst\u00e8me \u00e9ducatif, dans le contexte de mise en \u0153uvre des projets strat\u00e9giques pour l\u2019application des dispositions de la loi-cadre 51.17, relative au syst\u00e8me d\u2019\u00e9ducation, de formation et de recherche scientifique.<\/p>\n<\/div>\n<p>Auteur: Meriem IGASS<br \/>\n<a href=\"http:\/\/www.mapmarrakech.ma\/fr\/installation-du-nouveau-directeur-provincial-de-leducation-nationale\/\">Cliquez ici pour lire l&rsquo;article depuis sa source.<\/a><\/p>\n","protected":false},"excerpt":{"rendered":"<p>Benguerir (province de Rehamna) \u2013 La c\u00e9r\u00e9monie d\u2019installation du nouveau directeur provincial de l\u2019\u00e9ducation nationale \u00e0 Rehamna, Moha Mohamadi, a eu lieu, lundi, au si\u00e8ge de la direction \u00e0 Benguerir et ce, en vue de donner une nouvelle impulsion au syst\u00e8me de pilotage et de gestion de la chose \u00e9ducative \u00e0 l\u2019\u00e9chelle provinciale dans la [&hellip;]<\/p>\n","protected":false},"author":1788,"featured_media":0,"comment_status":"closed","ping_status":"closed","sticky":false,"template":"","format":"standard","meta":{"fifu_image_url":"","fifu_image_alt":"","footnotes":""},"categories":[54,76],"tags":[],"class_list":["post-113169","post","type-post","status-publish","format-standard","hentry","category-maroc","category-regions"],"_links":{"self":[{"href":"https:\/\/linitiative.ca\/International\/wp-json\/wp\/v2\/posts\/113169","targetHints":{"allow":["GET"]}}],"collection":[{"href":"https:\/\/linitiative.ca\/International\/wp-json\/wp\/v2\/posts"}],"about":[{"href":"https:\/\/linitiative.ca\/International\/wp-json\/wp\/v2\/types\/post"}],"author":[{"embeddable":true,"href":"https:\/\/linitiative.ca\/International\/wp-json\/wp\/v2\/users\/1788"}],"replies":[{"embeddable":true,"href":"https:\/\/linitiative.ca\/International\/wp-json\/wp\/v2\/comments?post=113169"}],"version-history":[{"count":0,"href":"https:\/\/linitiative.ca\/International\/wp-json\/wp\/v2\/posts\/113169\/revisions"}],"wp:attachment":[{"href":"https:\/\/linitiative.ca\/International\/wp-json\/wp\/v2\/media?parent=113169"}],"wp:term":[{"taxonomy":"category","embeddable":true,"href":"https:\/\/linitiative.ca\/International\/wp-json\/wp\/v2\/categories?post=113169"},{"taxonomy":"post_tag","embeddable":true,"href":"https:\/\/linitiative.ca\/International\/wp-json\/wp\/v2\/tags?post=113169"}],"curies":[{"name":"wp","href":"https:\/\/api.w.org\/{rel}","templated":true}]}}