{"id":113170,"date":"2021-03-16T06:46:54","date_gmt":"2021-03-16T10:46:54","guid":{"rendered":"https:\/\/linitiative.ca\/International\/exposition-artistique-virtuelle-en-soutien-au-projet-du-grand-maghreb\/"},"modified":"2021-03-16T06:46:54","modified_gmt":"2021-03-16T10:46:54","slug":"exposition-artistique-virtuelle-en-soutien-au-projet-du-grand-maghreb","status":"publish","type":"post","link":"https:\/\/linitiative.ca\/International\/exposition-artistique-virtuelle-en-soutien-au-projet-du-grand-maghreb\/","title":{"rendered":"Exposition artistique virtuelle en soutien au projet du grand Maghreb"},"content":{"rendered":"<div readability=\"36\">\n<p>Marrakech \u2013 Le coup d\u2019envoi d\u2019une exposition artistique virtuelle internationale ayant pour objectif majeur de mettre l\u2019art au service du projet de la construction du Grand Maghreb, a \u00e9t\u00e9 donn\u00e9 lundi, \u00e0 l\u2019initiative de l\u2019Association \u00ab\u00a0Dialogue des Arts Contemporains\u00a0\u00bb.<\/p>\n<\/div>\n<div readability=\"96\">\n<p>Plac\u00e9e sous le th\u00e8me \u00ab\u00a0l\u2019artiste en soutien \u00e0 l\u2019id\u00e9e du Grand Maghreb\u00a0\u00bb, cette manifestation artistique est accessible via le site \u00ab\u00a0dac.org.ma\u00a0\u00bb, ainsi que sur la cha\u00eene Youtube de l\u2019association \u00ab\u00a0Dialogue des Arts contemporains\u00a0\u00bb, initiatrice de cet \u00e9v\u00e9nement d\u2019envergure.<\/p>\n<p>Dans son mot de bienvenue, le pr\u00e9sident de l\u2019association \u00ab\u00a0Dialogue des Arts contemporains\u00a0\u00bb, Abdelali Benchakroun, a relev\u00e9 que ce salon virtuelle connait la participation de pr\u00e8s de 150 artistes issus de 35 pays, dont des artistes issus du monde arabe et du Maghreb.<\/p>\n<p>Cette manifestation culturelle, qui connait un succ\u00e8s inattendu, repr\u00e9sente une \u00ab\u00a0r\u00e9ponse intelligente\u00a0\u00bb \u00e0 certaines voix isol\u00e9es qui veulent profiter du climat actuel pour propager un discours de discordance, a-t-il soutenu.<\/p>\n<p>La participation de ce nombre d\u2019artistes t\u00e9moigne de l\u2019adh\u00e9sion et du soutien de cette cat\u00e9gorie de citoyens maghr\u00e9bins en faveur du rapprochement des peuples du Maghreb, a-t-il ajout\u00e9, relevant que cette exposition virtuelle, qui a aussi des finalit\u00e9s artistiques, est aussi l\u2019occasion pour appr\u00e9cier des toiles et des \u0153uvres artistiques d\u2019une beaut\u00e9 in\u00e9galable.<\/p>\n<p>Dans son t\u00e9moignage, Driss Lagrini, universitaire et pr\u00e9sident de l\u2019Organisation d\u2019action maghr\u00e9bine (OAM), s\u2019est f\u00e9licit\u00e9, quant \u00e0 lui, de l\u2019organisation de ce genre d\u2019initiatives de nature \u00e0 mettre le r\u00eave de l\u2019\u00e9dification du Maghreb sur de bons rails, relevant l\u2019importance de l\u2019adh\u00e9sion des artistes et intellectuels dans le cadre de la mise en \u0153uvre des trait\u00e9s sign\u00e9s par les pays du Maghreb.<\/p>\n<p>Dans ce cadre, cet universitaire a soulev\u00e9 le r\u00f4le de l\u2019art, qui propose des contenus de mani\u00e8re intelligente et transmet des messages nobles via des techniques d\u2019expression raffin\u00e9es qui touchent le public, se disant en faveur de l\u2019organisation de concours artistiques au profit des jeunes en soutien du projet de la construction du Maghreb.<\/p>\n<p>Cr\u00e9\u00e9e en 2016, \u00ab\u00a0Dialogue des Arts Contemporains\u00a0\u00bb est une association d\u2019artistes et d\u2019intellectuels marocains et du monde, qui a pour vocation la promotion de l\u2019art, de la culture et du d\u00e9bat \u00e0 Marrakech, au Maroc et \u00e0 l\u2019international.<\/p>\n<p>Elle compte \u00e0 son actif plusieurs salons internationaux, conf\u00e9rences sur l\u2019art, ainsi que des ateliers en faveur de jeunes \u00e9coliers ax\u00e9s sur l\u2019art plastique et la calligraphie, outre des d\u00e9bats de pens\u00e9es.<\/p>\n<\/div>\n<p>Auteur: Meriem IGASS<br \/>\n<a href=\"http:\/\/www.mapmarrakech.ma\/fr\/exposition-artistique-virtuelle-en-soutien-au-projet-du-grand-maghreb\/\">Cliquez ici pour lire l&rsquo;article depuis sa source.<\/a><\/p>\n","protected":false},"excerpt":{"rendered":"<p>Marrakech \u2013 Le coup d\u2019envoi d\u2019une exposition artistique virtuelle internationale ayant pour objectif majeur de mettre l\u2019art au service du projet de la construction du Grand Maghreb, a \u00e9t\u00e9 donn\u00e9 lundi, \u00e0 l\u2019initiative de l\u2019Association \u00ab\u00a0Dialogue des Arts Contemporains\u00a0\u00bb. Plac\u00e9e sous le th\u00e8me \u00ab\u00a0l\u2019artiste en soutien \u00e0 l\u2019id\u00e9e du Grand Maghreb\u00a0\u00bb, cette manifestation artistique est [&hellip;]<\/p>\n","protected":false},"author":1788,"featured_media":0,"comment_status":"closed","ping_status":"closed","sticky":false,"template":"","format":"standard","meta":{"fifu_image_url":"","fifu_image_alt":"","footnotes":""},"categories":[54,76],"tags":[],"class_list":["post-113170","post","type-post","status-publish","format-standard","hentry","category-maroc","category-regions"],"_links":{"self":[{"href":"https:\/\/linitiative.ca\/International\/wp-json\/wp\/v2\/posts\/113170","targetHints":{"allow":["GET"]}}],"collection":[{"href":"https:\/\/linitiative.ca\/International\/wp-json\/wp\/v2\/posts"}],"about":[{"href":"https:\/\/linitiative.ca\/International\/wp-json\/wp\/v2\/types\/post"}],"author":[{"embeddable":true,"href":"https:\/\/linitiative.ca\/International\/wp-json\/wp\/v2\/users\/1788"}],"replies":[{"embeddable":true,"href":"https:\/\/linitiative.ca\/International\/wp-json\/wp\/v2\/comments?post=113170"}],"version-history":[{"count":0,"href":"https:\/\/linitiative.ca\/International\/wp-json\/wp\/v2\/posts\/113170\/revisions"}],"wp:attachment":[{"href":"https:\/\/linitiative.ca\/International\/wp-json\/wp\/v2\/media?parent=113170"}],"wp:term":[{"taxonomy":"category","embeddable":true,"href":"https:\/\/linitiative.ca\/International\/wp-json\/wp\/v2\/categories?post=113170"},{"taxonomy":"post_tag","embeddable":true,"href":"https:\/\/linitiative.ca\/International\/wp-json\/wp\/v2\/tags?post=113170"}],"curies":[{"name":"wp","href":"https:\/\/api.w.org\/{rel}","templated":true}]}}