{"id":113171,"date":"2021-03-16T09:16:13","date_gmt":"2021-03-16T13:16:13","guid":{"rendered":"https:\/\/linitiative.ca\/International\/adoption-de-la-loi-cadre-sur-la-protection-sociale\/"},"modified":"2021-03-16T09:16:13","modified_gmt":"2021-03-16T13:16:13","slug":"adoption-de-la-loi-cadre-sur-la-protection-sociale","status":"publish","type":"post","link":"https:\/\/linitiative.ca\/International\/adoption-de-la-loi-cadre-sur-la-protection-sociale\/","title":{"rendered":"Adoption de la loi-cadre sur la protection sociale"},"content":{"rendered":"<div readability=\"39\">\n<p>La Chambre des repr\u00e9sentants a approuv\u00e9 en s\u00e9ance pl\u00e9ni\u00e8re, lundi \u00e0 l\u2019unanimit\u00e9, le projet de loi-cadre n\u00b009.21 relatif \u00e0 la protection sociale, en pr\u00e9sence du ministre de l\u2019Economie, des Finances et de la R\u00e9forme de l\u2019Administration, Mohamed Bencha\u00e2boun.<\/p>\n<\/div>\n<div readability=\"133\">\n<p>Intervenant \u00e0 cette occasion, M. Bencha\u00e2boun a salu\u00e9 l\u2019unanimit\u00e9 de ce vote qui \u00ab\u00a0nous donnera la force n\u00e9cessaire pour aller de l\u2019avant dans la mise en oeuvre de cette r\u00e9forme soci\u00e9tale d\u2019envergure, laquelle constitue une v\u00e9ritable r\u00e9volution sociale et un tournant d\u00e9cisif dans le processus de r\u00e9forme de la protection sociale dans le Royaume\u00a0\u00bb.<\/p>\n<p>L\u2019objectif \u00e9tant d\u2019am\u00e9liorer l\u2019impact direct de cette protection sociale sur les citoyens \u00e0 m\u00eame de r\u00e9duire la pauvret\u00e9 et la vuln\u00e9rabilit\u00e9, ainsi que de soutenir le pouvoir d\u2019achat des familles, a-t-il pr\u00e9cis\u00e9.<\/p>\n<p>Cette adoption \u00e0 l\u2019unanimit\u00e9 confirme le fort engagement et la mobilisation des d\u00e9put\u00e9s eu \u00e9gard de l\u2019importance de ce chantier qui constitue un projet structurant, lequel encadrant les objectifs et les principes de la r\u00e9forme du syst\u00e8me de protection sociale, dont les contours ont \u00e9t\u00e9 d\u00e9finis par SM le Roi Mohammed VI dans les Discours du Tr\u00f4ne et de l\u2019ouverture de la premi\u00e8re session de la cinqui\u00e8me ann\u00e9e l\u00e9gislative, a ajout\u00e9 le ministre.<\/p>\n<p>Il a, en outre, rappel\u00e9 que ledit projet vise principalement \u00e0 prot\u00e9ger les cat\u00e9gories pauvres et vuln\u00e9rables, ainsi que les familles \u00e0 revenu limit\u00e9 contre les dangers relatifs \u00e0 l\u2019enfance, la maladie, la vieillesse et la perte d\u2019emploi, relevant que pr\u00e8s de 22 millions marocains, dont 11 millions de Ramedistes et 11 millions de professionnels, commer\u00e7ants, agriculteurs, artisans traditionnels et de personnes exer\u00e7ant une activit\u00e9 lib\u00e9rale, b\u00e9n\u00e9ficieront d\u2019une assurance maladie obligatoire (AMO) avec les m\u00eames services et paniers de soins dont b\u00e9n\u00e9ficient actuellement les travailleurs du secteur priv\u00e9.<\/p>\n<p>L\u2019Etat supportera les droits d\u2019affiliation des 11 millions de Ramedistes, appartenant aux cat\u00e9gories vuln\u00e9rables et pauvres, pour une enveloppe annuelle d\u2019environ 9 milliards de dirhams (MMDH), soit une augmentation annuelle de 7 MMDH par rapport aux d\u00e9penses li\u00e9es \u00e0 l\u2019achat de m\u00e9dicaments dans le cadre du syst\u00e8me actuel de Ramed, a fait savoir M. Bencha\u00e2boun.<\/p>\n<p>Et de poursuivre que le Maroc est sur le point de mettre en place un projet soci\u00e9tal d\u2019une nature in\u00e9dite, n\u00e9cessitant la mobilisation de pr\u00e8s de 51 MMDH annuellement, la modification d\u2019un certain nombre de textes l\u00e9gislatifs et r\u00e9glementaires en vigueur et d\u2019en \u00e9laborer d\u2019autres, le lancement d\u2019un ensemble de r\u00e9formes structurelles pour la r\u00e9habilitation du syst\u00e8me de sant\u00e9, ainsi que la r\u00e9forme du syst\u00e8me de compensation afin de rem\u00e9dier aux d\u00e9s\u00e9quilibres au niveau du ciblage des cat\u00e9gories \u00e9ligibles au soutien parall\u00e8lement \u00e0 la mise en \u0153uvre du registre social unifi\u00e9.<\/p>\n<p>Le succ\u00e8s de ce chantier d\u2019envergure n\u00e9cessite la mobilisation et l\u2019implication de tous les acteurs, y compris le citoyen, a-t-il martel\u00e9.<\/p>\n<p>De leur c\u00f4t\u00e9, les d\u00e9put\u00e9s ont \u00e9t\u00e9 unanimes sur l\u2019importance de ce projet de loi-cadre qui se veut un chantier d\u2019envergure et la concr\u00e9tisation d\u2019une nouvelle orientation sur le plan social visant \u00e0 r\u00e9duire les disparit\u00e9s sociales et spatiales, ainsi qu\u2019\u00e0 lutter contre la marginalisation et \u00e0 b\u00e2tir une soci\u00e9t\u00e9 forte et ce, via un r\u00e9gion de protection sociale profitant \u00e0 l\u2019ensemble des citoyens sur le m\u00eame pied d\u2019\u00e9galit\u00e9.<\/p>\n<p>Ce projet, qui s\u2019inscrit dans le cadre des initiatives, chantiers et projets lanc\u00e9s en application des Hautes Instructions Royales, permettra de diminuer le gap entre l\u2019actuel r\u00e9gime de la protection sociale au Maroc et les normes adopt\u00e9es \u00e0 l\u2019\u00e9chelle internationale en la mati\u00e8re, ont-ils soutenu.<\/p>\n<p>Les d\u00e9put\u00e9s ont aussi relev\u00e9 que ce chantier royal structurel et int\u00e9gr\u00e9, qui constitue l\u2019un des m\u00e9canismes institutionnels visant \u00e0 atteindre le d\u00e9veloppement durable escompt\u00e9, est en ligne avec les diff\u00e9rents projets, la crise sanitaire li\u00e9e \u00e0 la pand\u00e9mie du nouveau coronavirus (covid-19) a d\u00e9montr\u00e9 l\u2019urgente n\u00e9cessit\u00e9 d\u2019acc\u00e9l\u00e9rer la r\u00e9alisation en vue de r\u00e9ussir la transition vers des solutions structurelles aux dysfonctionnements dont souffrent certaines cat\u00e9gories et zones.<\/p>\n<p>L\u2019am\u00e9lioration de la protection sociale repose essentiellement sur la concr\u00e9tisation de la s\u00e9curit\u00e9 sociale, la promotion de la coh\u00e9sion et la justice sociales, la structuration du march\u00e9 de travail, outre la lutte contre la pauvret\u00e9, la vuln\u00e9rabilit\u00e9 et l\u2019exclusion dans la perspective de permettre \u00e0 l\u2019Etat de faire face aux \u00e9ventuelles crises \u00e9conomiques et sociales.<\/p>\n<p>Et de conclure que cette protection sociale aux individus, quels que soient leurs \u00e2ges, leurs situations et genres, constitue un droit garanti par les conventions et chartes internationales, ainsi que par la Constitution du Royaume, en particulier dans l\u2019article 31.<\/p>\n<\/div>\n<p>Auteur: Meriem IGASS<br \/>\n<a href=\"http:\/\/www.mapmarrakech.ma\/fr\/adoption-de-la-loi-cadre-sur-la-protection-sociale\/\">Cliquez ici pour lire l&rsquo;article depuis sa source.<\/a><\/p>\n","protected":false},"excerpt":{"rendered":"<p>La Chambre des repr\u00e9sentants a approuv\u00e9 en s\u00e9ance pl\u00e9ni\u00e8re, lundi \u00e0 l\u2019unanimit\u00e9, le projet de loi-cadre n\u00b009.21 relatif \u00e0 la protection sociale, en pr\u00e9sence du ministre de l\u2019Economie, des Finances et de la R\u00e9forme de l\u2019Administration, Mohamed Bencha\u00e2boun. Intervenant \u00e0 cette occasion, M. Bencha\u00e2boun a salu\u00e9 l\u2019unanimit\u00e9 de ce vote qui \u00ab\u00a0nous donnera la force [&hellip;]<\/p>\n","protected":false},"author":1788,"featured_media":0,"comment_status":"closed","ping_status":"closed","sticky":false,"template":"","format":"standard","meta":{"fifu_image_url":"","fifu_image_alt":"","footnotes":""},"categories":[54,76],"tags":[],"class_list":["post-113171","post","type-post","status-publish","format-standard","hentry","category-maroc","category-regions"],"_links":{"self":[{"href":"https:\/\/linitiative.ca\/International\/wp-json\/wp\/v2\/posts\/113171","targetHints":{"allow":["GET"]}}],"collection":[{"href":"https:\/\/linitiative.ca\/International\/wp-json\/wp\/v2\/posts"}],"about":[{"href":"https:\/\/linitiative.ca\/International\/wp-json\/wp\/v2\/types\/post"}],"author":[{"embeddable":true,"href":"https:\/\/linitiative.ca\/International\/wp-json\/wp\/v2\/users\/1788"}],"replies":[{"embeddable":true,"href":"https:\/\/linitiative.ca\/International\/wp-json\/wp\/v2\/comments?post=113171"}],"version-history":[{"count":0,"href":"https:\/\/linitiative.ca\/International\/wp-json\/wp\/v2\/posts\/113171\/revisions"}],"wp:attachment":[{"href":"https:\/\/linitiative.ca\/International\/wp-json\/wp\/v2\/media?parent=113171"}],"wp:term":[{"taxonomy":"category","embeddable":true,"href":"https:\/\/linitiative.ca\/International\/wp-json\/wp\/v2\/categories?post=113171"},{"taxonomy":"post_tag","embeddable":true,"href":"https:\/\/linitiative.ca\/International\/wp-json\/wp\/v2\/tags?post=113171"}],"curies":[{"name":"wp","href":"https:\/\/api.w.org\/{rel}","templated":true}]}}