{"id":113173,"date":"2021-03-16T13:21:20","date_gmt":"2021-03-16T17:21:20","guid":{"rendered":"https:\/\/linitiative.ca\/International\/air-arabia-maroc-lance-5-nouvelles-liaisons-vers-la-france\/"},"modified":"2021-03-16T13:21:20","modified_gmt":"2021-03-16T17:21:20","slug":"air-arabia-maroc-lance-5-nouvelles-liaisons-vers-la-france","status":"publish","type":"post","link":"https:\/\/linitiative.ca\/International\/air-arabia-maroc-lance-5-nouvelles-liaisons-vers-la-france\/","title":{"rendered":"Air Arabia Maroc lance 5 nouvelles liaisons vers la France"},"content":{"rendered":"<div class=\"single-featured\"><img alt=\"\" data-src=\"http:\/\/www.mapmarrakech.ma\/map\/uploads\/2021\/03\/Air-Arabia.jpg\"\/><\/div>\n<div class=\"single-post-excerpt post-excerpt-bc\" readability=\"34\">\n<p>Air Arabia Maroc a annonc\u00e9 le lancement de cinq nouvelles liaisons vers la France au d\u00e9part de F\u00e8s, Oujda et Casablanca \u00e0 partir du 28 mars courant.<\/p>\n<\/div>\n<div class=\"entry-content clearfix single-post-content\" readability=\"59\">\n<p>Le leader du transport a\u00e9rien \u00e0 bas co\u00fbt continue ainsi de renforcer son programme d\u2019\u00e9t\u00e9 2021, indique la compagnie dans un communiqu\u00e9, pr\u00e9cisant que d\u00e9sormais l\u2019a\u00e9roport de F\u00e8s-Sa\u00efss permettra de rejoindre la ville de Marseille \u00e0 raison de trois fois par semaine.<\/p>\n<p>Air Arabia Maroc annonce \u00e9galement le lancement de trois destinations fran\u00e7aises au d\u00e9part de l\u2019a\u00e9roport Oujda-Angad, Marseille (2 fr\u00e9quences par semaine), Toulouse (2 fr\u00e9quences) et Paris (3 fr\u00e9quences), rel\u00e8ve la m\u00eame source, soulignant que la compagnie a\u00e9rienne renforce aussi ses liaisons au d\u00e9part de l\u2019a\u00e9roport Mohammed V avec des vols qui permettront de rejoindre Bordeaux deux fois par semaine.<\/p>\n<p>En ajoutant ces nouvelles liaisons \u00e0 son programme d\u2019\u00e9t\u00e9, Air Arabia Maroc continue de renforcer son engagement \u00e0 servir le secteur du transport a\u00e9rien au Maroc, fait savoir le communiqu\u00e9, notant que les clients d\u2019Air Arabia Maroc qui souhaitent profiter de cette nouvelle offre peuvent s\u2019adresser \u00e0 tous les canaux de ventes de la compagnie, \u00e0 savoir son site internet et son centre d\u2019appels, son r\u00e9seau d\u2019agences partenaires ou directement \u00e0 l\u2019a\u00e9roport.<\/p>\n<p>Et de rappeler que le port du masque est obligatoire sur l\u2019ensemble des vols et que les clients doivent se conformer aux conditions et exigences de voyage disponibles au niveau du site web de la compagnie ainsi que les sites web des autorit\u00e9s locales des pays de destination et de d\u00e9part.<\/p>\n<\/div>\n<p>Auteur: Meriem IGASS<br \/>\n<a href=\"http:\/\/www.mapmarrakech.ma\/fr\/air-arabia-maroc-lance-5-nouvelles-liaisons-vers-la-france\/\">Cliquez ici pour lire l&rsquo;article depuis sa source.<\/a><\/p>\n","protected":false},"excerpt":{"rendered":"<p>Air Arabia Maroc a annonc\u00e9 le lancement de cinq nouvelles liaisons vers la France au d\u00e9part de F\u00e8s, Oujda et Casablanca \u00e0 partir du 28 mars courant. Le leader du transport a\u00e9rien \u00e0 bas co\u00fbt continue ainsi de renforcer son programme d\u2019\u00e9t\u00e9 2021, indique la compagnie dans un communiqu\u00e9, pr\u00e9cisant que d\u00e9sormais l\u2019a\u00e9roport de F\u00e8s-Sa\u00efss [&hellip;]<\/p>\n","protected":false},"author":1788,"featured_media":0,"comment_status":"closed","ping_status":"closed","sticky":false,"template":"","format":"standard","meta":{"fifu_image_url":"http:\/\/www.mapmarrakech.ma\/map\/uploads\/2021\/03\/Air-Arabia.jpg","fifu_image_alt":"Air Arabia Maroc lance 5 nouvelles liaisons vers la France","footnotes":""},"categories":[54,76],"tags":[],"class_list":["post-113173","post","type-post","status-publish","format-standard","hentry","category-maroc","category-regions"],"_links":{"self":[{"href":"https:\/\/linitiative.ca\/International\/wp-json\/wp\/v2\/posts\/113173","targetHints":{"allow":["GET"]}}],"collection":[{"href":"https:\/\/linitiative.ca\/International\/wp-json\/wp\/v2\/posts"}],"about":[{"href":"https:\/\/linitiative.ca\/International\/wp-json\/wp\/v2\/types\/post"}],"author":[{"embeddable":true,"href":"https:\/\/linitiative.ca\/International\/wp-json\/wp\/v2\/users\/1788"}],"replies":[{"embeddable":true,"href":"https:\/\/linitiative.ca\/International\/wp-json\/wp\/v2\/comments?post=113173"}],"version-history":[{"count":0,"href":"https:\/\/linitiative.ca\/International\/wp-json\/wp\/v2\/posts\/113173\/revisions"}],"wp:attachment":[{"href":"https:\/\/linitiative.ca\/International\/wp-json\/wp\/v2\/media?parent=113173"}],"wp:term":[{"taxonomy":"category","embeddable":true,"href":"https:\/\/linitiative.ca\/International\/wp-json\/wp\/v2\/categories?post=113173"},{"taxonomy":"post_tag","embeddable":true,"href":"https:\/\/linitiative.ca\/International\/wp-json\/wp\/v2\/tags?post=113173"}],"curies":[{"name":"wp","href":"https:\/\/api.w.org\/{rel}","templated":true}]}}