{"id":113174,"date":"2021-03-16T10:56:58","date_gmt":"2021-03-16T14:56:58","guid":{"rendered":"https:\/\/linitiative.ca\/International\/aeronautique-covid-19-le-maroc-sortira-encore-plus-fort-de-la-crise\/"},"modified":"2021-03-16T10:56:58","modified_gmt":"2021-03-16T14:56:58","slug":"aeronautique-covid-19-le-maroc-sortira-encore-plus-fort-de-la-crise","status":"publish","type":"post","link":"https:\/\/linitiative.ca\/International\/aeronautique-covid-19-le-maroc-sortira-encore-plus-fort-de-la-crise\/","title":{"rendered":"A\u00e9ronautique\/Covid-19: Le Maroc sortira encore \u00ab\u00a0plus fort\u00a0\u00bb de la crise"},"content":{"rendered":"<p class=\"c4\">Le secteur a\u00e9ronautique marocain est en mesure de sortir de la crise actuelle li\u00e9e au nouveau coronavirus encore \u00ab\u00a0plus fort\u00a0\u00bb qu\u2019avant, a affirm\u00e9, mardi, le ministre de l\u2019Industrie, du commerce et de l\u2019\u00e9conomie verte et num\u00e9rique, Moulay Hafid Elalamy.<\/p>\n<p class=\"c4\">\u00ab\u00a0Les perspectives sont extr\u00eamement int\u00e9ressantes. Le Maroc a \u00e9t\u00e9 r\u00e9silient durant cette p\u00e9riode de pand\u00e9mie et nous avons m\u00eame re\u00e7u des investisseurs internationaux avec lesquels nous avons avanc\u00e9 sur des extensions de leurs investissements\u00a0\u00bb, a indiqu\u00e9 M. Elalamy \u00e0 l\u2019occasion de l\u2019\u00e9v\u00e9nement \u00ab\u00a0Rendez-vous de l\u2019industrie a\u00e9ronautique\u00a0\u00bb.<\/p>\n<p class=\"c4\">Soulignant que \u00ab\u00a0le Royaume a su s\u2019imposer au fil des ann\u00e9es comme un acteur cr\u00e9dible dans ce secteur pour jouer, en toute transparence et clart\u00e9, dans la cour des grands\u00a0\u00bb, le ministre a pass\u00e9 en revue les chiffres r\u00e9alis\u00e9s par l\u2019a\u00e9ronautique durant l\u2019ann\u00e9e \u00e9coul\u00e9e, laquelle a \u00e9t\u00e9 marqu\u00e9e par la crise du covid-19.<\/p>\n<p class=\"c4\">\u00ab\u00a0Nous avons toujours 142 entreprises dans le secteur. C\u00f4t\u00e9 emploi, nous avons eu 10% de pertes, contre 43% enregistr\u00e9s au niveau mondial\u00a0\u00bb, a-t-il pr\u00e9cis\u00e9, ajoutant qu\u2019en mati\u00e8re de chiffre d\u2019affaires \u00e0 l\u2019export, le secteur a\u00e9ronautique marocain a connu un repli de 29% en 2020, contre 50% constat\u00e9s \u00e0 l\u2019\u00e9chelle internationale.<\/p>\n<p class=\"c4\">V\u00e9ritable locomotive de l\u2019\u00e9conomie nationale, l\u2019a\u00e9ronautique se veut actuellement une vitrine de comp\u00e9tences des ing\u00e9nieurs et techniciens sup\u00e9rieurs marocains, a relev\u00e9 M. Elalamy, expliquant que le Royaume a une strat\u00e9gie double qui consiste \u00e0 fabriquer les pi\u00e8ces et \u00e0 faire du montage.<\/p>\n<p class=\"c4\">Il a, \u00e0 cet effet, \u00e9voqu\u00e9 le taux d\u2019int\u00e9gration locale qui s\u2019est situ\u00e9, l\u2019ann\u00e9e derni\u00e8re, \u00e0 38% pour d\u00e9passer l\u2019objectif initial (35%) fix\u00e9 dans le cadre du Plan d\u2019acc\u00e9l\u00e9ration industrielle (PAI). \u00ab\u00a0Fabriquer 38% d\u2019un avion complet est assez rare. Les pays tr\u00e8s d\u00e9velopp\u00e9s en font beaucoup moins parce qu\u2019ils sous-traitent partout, et ceux moins d\u00e9velopp\u00e9s en font aussi souvent moins parce qu\u2019ils n\u2019assurent qu\u2019une partie de ces avions\u00a0\u00bb.<\/p>\n<p class=\"c4\">Et de soutenir: \u00ab\u00a0Nous avons une v\u00e9ritable mont\u00e9e de gamme dans le secteur. Chaque avion commercial qui vole dans le ciel de notre plan\u00e8te porte en lui au moins une pi\u00e8ce usin\u00e9e au Maroc. C\u2019est un \u00e9l\u00e9ment essentiel dont nous pourrons \u00eatre fiers. Cette vision, cet acharnement des op\u00e9rateurs, cette mont\u00e9e en gamme, ce travail au quotidien sans rel\u00e2che donne ses r\u00e9sultats\u00a0\u00bb.<\/p>\n<p class=\"c4\">De son c\u00f4t\u00e9, le pr\u00e9sident du Groupement des industries marocaines a\u00e9ronautiques et spatiales (GIMAS), Karim Cheikh, a mis en avant l\u2019importance du partenariat public-priv\u00e9 (PPP) qui figure parmi les facteurs-cl\u00e9s de succ\u00e8s du secteur a\u00e9ronautique marocain.<\/p>\n<p class=\"c4\">Ce partenariat, entre le minist\u00e8re de l\u2019Industrie et les professionnels de ce groupement, a permis une int\u00e9gration rapide au cercle ferm\u00e9 des op\u00e9rateurs internationaux de l\u2019a\u00e9ronautique, a-t-il fait valoir, indiquant que le Maroc, d\u00e8s le d\u00e9part, a opt\u00e9 pour une strat\u00e9gie de d\u00e9veloppement industriel et non de d\u00e9localisation avec des infrastructures de tr\u00e8s haute qualit\u00e9 et des ressources humaines qualifi\u00e9es.<\/p>\n<p class=\"c4\">M. Cheikh a \u00e9galement soulign\u00e9 que le PAI a \u00e9t\u00e9 toujours le fil d\u2019Ariane pour le secteur, dans le sens o\u00f9 ce plan \u00e9mane d\u2019un travail de fond men\u00e9 avec les \u00e9quipes du minist\u00e8re et a donn\u00e9 la logique des \u00e9cosyst\u00e8mes structurants.<\/p>\n<p class=\"c4\">En outre, il a not\u00e9 que le Maroc est une plate-forme a\u00e9ronautique reconnue mondialement, ce qui offre un environnement propice aux investisseurs qui peuvent se projeter sereinement dans l\u2019avenir.<\/p>\n<p class=\"c4\">Pour sa part, Hamid Benbrahim El Andaloussi, pr\u00e9sident de l\u2019Institut des m\u00e9tiers de l\u2019a\u00e9ronautique (IMA) et de la zone franche industrielle Midparc, a insist\u00e9 sur l\u2019importance de la formation, notant que l\u2019a\u00e9ronautique est une industrie dont l\u2019ADN est l\u2019innovation et les talents.<\/p>\n<p class=\"c4\">Les industriels qui s\u2019implantent au Maroc ont besoin de talents et des meilleures conditions possibles, a-t-il fait remarquer.<\/p>\n<p class=\"c4\">C\u2019est dans ce sens que \u00ab\u00a0nous avons d\u00e9velopp\u00e9 l\u2019IMA qui est existentiel pour la p\u00e9rennit\u00e9 du secteur a\u00e9ronautique et constitue un travail de partenariat exemplaire de rupture entre les industriels et les minist\u00e8re de l\u2019Industrie et de l\u2019Education pour cr\u00e9er un Institut qui est une fabrique de comp\u00e9tences\u00a0\u00bb, a dit M. Benbrahim El Andaloussi.<\/p>\n<p class=\"c4\">Il s\u2019agit aussi d\u2019un booster de valeur et un facilitateur qui r\u00e9pond aux besoins des industriels, pas uniquement dans l\u2019a\u00e9ronautique, mais \u00e9galement des les autres industries connexes, a-t-il ajout\u00e9, pr\u00e9cisant que l\u2019IMA, qui fait partie du dispositif global de l\u2019a\u00e9ronautique, est immerg\u00e9 dans les \u00e9cosyst\u00e8mes.<\/p>\n<p class=\"c4\">Cette rencontre-d\u00e9bat, organis\u00e9e dans le strict respect des mesures de protection contre le covid-19, a \u00e9t\u00e9 marqu\u00e9e par la diffusion de t\u00e9moignages de plusieurs acteurs internationaux du secteur l\u2019a\u00e9ronautique, dont Boeing, Airbus, Spirit et Safran. Elle a \u00e9t\u00e9 aussi l\u2019occasion pour discuter de la gen\u00e8se et l\u2019envol de l\u2019a\u00e9ronautique au Maroc, \u00e9tablir un bilan d\u2019\u00e9tape et tirer les enseignements de l\u2019ann\u00e9e 2020.<\/p>\n<p>Auteur: Soufiane ELAHMAR<br \/>\n<a href=\"http:\/\/www.mapoujda.ma\/fr\/aeronautique-covid-19-le-maroc-sortira-encore-plus-fort-de-la-crise\/\">Cliquez ici pour lire l&rsquo;article depuis sa source.<\/a><\/p>\n","protected":false},"excerpt":{"rendered":"<p>Le secteur a\u00e9ronautique marocain est en mesure de sortir de la crise actuelle li\u00e9e au nouveau coronavirus encore \u00ab\u00a0plus fort\u00a0\u00bb qu\u2019avant, a affirm\u00e9, mardi, le ministre de l\u2019Industrie, du commerce et de l\u2019\u00e9conomie verte et num\u00e9rique, Moulay Hafid Elalamy. \u00ab\u00a0Les perspectives sont extr\u00eamement int\u00e9ressantes. Le Maroc a \u00e9t\u00e9 r\u00e9silient durant cette p\u00e9riode de pand\u00e9mie et [&hellip;]<\/p>\n","protected":false},"author":1788,"featured_media":0,"comment_status":"closed","ping_status":"closed","sticky":false,"template":"","format":"standard","meta":{"fifu_image_url":"","fifu_image_alt":"","footnotes":""},"categories":[54,76],"tags":[],"class_list":["post-113174","post","type-post","status-publish","format-standard","hentry","category-maroc","category-regions"],"_links":{"self":[{"href":"https:\/\/linitiative.ca\/International\/wp-json\/wp\/v2\/posts\/113174","targetHints":{"allow":["GET"]}}],"collection":[{"href":"https:\/\/linitiative.ca\/International\/wp-json\/wp\/v2\/posts"}],"about":[{"href":"https:\/\/linitiative.ca\/International\/wp-json\/wp\/v2\/types\/post"}],"author":[{"embeddable":true,"href":"https:\/\/linitiative.ca\/International\/wp-json\/wp\/v2\/users\/1788"}],"replies":[{"embeddable":true,"href":"https:\/\/linitiative.ca\/International\/wp-json\/wp\/v2\/comments?post=113174"}],"version-history":[{"count":0,"href":"https:\/\/linitiative.ca\/International\/wp-json\/wp\/v2\/posts\/113174\/revisions"}],"wp:attachment":[{"href":"https:\/\/linitiative.ca\/International\/wp-json\/wp\/v2\/media?parent=113174"}],"wp:term":[{"taxonomy":"category","embeddable":true,"href":"https:\/\/linitiative.ca\/International\/wp-json\/wp\/v2\/categories?post=113174"},{"taxonomy":"post_tag","embeddable":true,"href":"https:\/\/linitiative.ca\/International\/wp-json\/wp\/v2\/tags?post=113174"}],"curies":[{"name":"wp","href":"https:\/\/api.w.org\/{rel}","templated":true}]}}