{"id":113176,"date":"2021-03-16T11:06:04","date_gmt":"2021-03-16T15:06:04","guid":{"rendered":"https:\/\/linitiative.ca\/International\/psa-dresse-le-bilan-des-recrutements-hors-la-region-de-rabat\/"},"modified":"2021-03-16T11:06:04","modified_gmt":"2021-03-16T15:06:04","slug":"psa-dresse-le-bilan-des-recrutements-hors-la-region-de-rabat","status":"publish","type":"post","link":"https:\/\/linitiative.ca\/International\/psa-dresse-le-bilan-des-recrutements-hors-la-region-de-rabat\/","title":{"rendered":"PSA dresse le bilan des recrutements hors la r\u00e9gion de Rabat"},"content":{"rendered":"<p class=\"rtejustify\">En pleine crise du Covid-19, le groupe PSA a entam\u00e9 une op\u00e9ration de recrutement avec l\u2019accompagnement de l\u2019ANAPEC. Celle-ci vise des candidats issus des zones hors de la r\u00e9gion Rabat-Sal\u00e9-K\u00e9nitra (R.S.K). Cette campagne a \u00e9t\u00e9 entam\u00e9e depuis juillet 2020 pour accompagner la demande exprim\u00e9e par le constructeur automobile et son \u00e9cosyst\u00e8me compos\u00e9 notamment d\u2019\u00e9quipementiers automobiles, indique Mohammed Ayoub Hassoun, directeur r\u00e9gional de l&rsquo;Anapec R.S.K. Une action qui s\u2019inscrit dans le respect de la charte de responsabilit\u00e9 sociale du PSA qui stipule que 50% de ses besoins en ressources humaines devrait \u00eatre recrut\u00e9e hors de notre r\u00e9gion, pr\u00e9cise-t-il.<\/p>\n<p class=\"rtejustify\">Le nombre des candidats qui ont r\u00e9ussi les entretiens de recrutement d\u00e9passe mille personnes, selon les donn\u00e9es de l\u2019ANAPEC. Concernant la r\u00e9partition par r\u00e9gions, la province de Taounate vient en t\u00eate avec 494 candidats. Le reste provient de 9 autres pr\u00e9fectures et provinces, dont notamment Agadir, Oujda, Tata, Taroudant.<\/p>\n<p class=\"rtejustify\">Pour leur donner plus de chance pour r\u00e9ussir les entretiens et tests techniques, les candidats s\u00e9lectionn\u00e9s profitent d\u2019une formation en amont organis\u00e9e par \u2019ANAPEC qui est focalis\u00e9e sur les soft skills, explique Hassoun. Selon ce dernier, plus de 60% des candidats retenus sont embauch\u00e9s et le recrutement des autres va se poursuivre. Plus de 90% des postes concerne le groupe PSA, pr\u00e9cise-t-il.<\/p>\n<p class=\"rtejustify\">Signalons par ailleurs que la pr\u00e9sentation de ce bilan a eu lieu lors de la signature de la convention-cadre concernant le programme r\u00e9gional de la promotion de l\u2019emploi au niveau de la r\u00e9gion Sous Massa. Cette rencontre s&rsquo;est tenue, hier \u00e0 Agadir, en pr\u00e9sence de Mohamed Amekraz, ministre du Travail et de l\u2019insertion professionnelle.<\/p>\n<p class=\"rtejustify\"><em>N.E.A.<\/em><\/p>\n<p>Auteur: hgueye<br \/>\n<a href=\"https:\/\/www.leconomiste.com\/flash-infos\/psa-dresse-le-bilan-des-recrutements-hors-la-region-de-rabat\">Cliquez ici pour lire l&rsquo;article depuis sa source.<\/a><\/p>\n","protected":false},"excerpt":{"rendered":"<p>En pleine crise du Covid-19, le groupe PSA a entam\u00e9 une op\u00e9ration de recrutement avec l\u2019accompagnement de l\u2019ANAPEC. Celle-ci vise des candidats issus des zones hors de la r\u00e9gion Rabat-Sal\u00e9-K\u00e9nitra (R.S.K). Cette campagne a \u00e9t\u00e9 entam\u00e9e depuis juillet 2020 pour accompagner la demande exprim\u00e9e par le constructeur automobile et son \u00e9cosyst\u00e8me compos\u00e9 notamment d\u2019\u00e9quipementiers automobiles, [&hellip;]<\/p>\n","protected":false},"author":1763,"featured_media":0,"comment_status":"closed","ping_status":"closed","sticky":false,"template":"","format":"standard","meta":{"fifu_image_url":"","fifu_image_alt":"","footnotes":""},"categories":[78,54],"tags":[],"class_list":["post-113176","post","type-post","status-publish","format-standard","hentry","category-economie","category-maroc"],"_links":{"self":[{"href":"https:\/\/linitiative.ca\/International\/wp-json\/wp\/v2\/posts\/113176","targetHints":{"allow":["GET"]}}],"collection":[{"href":"https:\/\/linitiative.ca\/International\/wp-json\/wp\/v2\/posts"}],"about":[{"href":"https:\/\/linitiative.ca\/International\/wp-json\/wp\/v2\/types\/post"}],"author":[{"embeddable":true,"href":"https:\/\/linitiative.ca\/International\/wp-json\/wp\/v2\/users\/1763"}],"replies":[{"embeddable":true,"href":"https:\/\/linitiative.ca\/International\/wp-json\/wp\/v2\/comments?post=113176"}],"version-history":[{"count":0,"href":"https:\/\/linitiative.ca\/International\/wp-json\/wp\/v2\/posts\/113176\/revisions"}],"wp:attachment":[{"href":"https:\/\/linitiative.ca\/International\/wp-json\/wp\/v2\/media?parent=113176"}],"wp:term":[{"taxonomy":"category","embeddable":true,"href":"https:\/\/linitiative.ca\/International\/wp-json\/wp\/v2\/categories?post=113176"},{"taxonomy":"post_tag","embeddable":true,"href":"https:\/\/linitiative.ca\/International\/wp-json\/wp\/v2\/tags?post=113176"}],"curies":[{"name":"wp","href":"https:\/\/api.w.org\/{rel}","templated":true}]}}