{"id":113177,"date":"2021-03-16T12:24:02","date_gmt":"2021-03-16T16:24:02","guid":{"rendered":"https:\/\/linitiative.ca\/International\/covid19-95-des-doses-injectees-en-afrique-ont-ete-administrees-au-maroc\/"},"modified":"2021-03-16T12:24:02","modified_gmt":"2021-03-16T16:24:02","slug":"covid19-95-des-doses-injectees-en-afrique-ont-ete-administrees-au-maroc","status":"publish","type":"post","link":"https:\/\/linitiative.ca\/International\/covid19-95-des-doses-injectees-en-afrique-ont-ete-administrees-au-maroc\/","title":{"rendered":"Covid19: 95% des doses inject\u00e9es en Afrique ont \u00e9t\u00e9 administr\u00e9es au Maroc"},"content":{"rendered":"<p class=\"rtejustify\">Le Maroc, premier africain \u00e0 avoir lanc\u00e9 sa campagne de vaccination contre le Covid19, a administr\u00e9 pr\u00e8s de 95% des doses de vaccins anti-Covid inject\u00e9es en Afrique, a indiqu\u00e9 mardi le\u00a0chef de la division des maladies transmissibles \u00e0 la direction de l&rsquo;\u00e9pid\u00e9miologie et de lutte contre les maladies, Abdelkrim Meziane Bellefquih.<\/p>\n<p class=\"rtejustify\">Le\u00a0Maroc occupe ainsi la premi\u00e8re place sur le continent en mati\u00e8re de vaccination contre la pand\u00e9mie de Covid-19, a pr\u00e9cis\u00e9 Bellefquih qui pr\u00e9sentait le bilan bimensuel relatif \u00e0 la situation \u00e9pid\u00e9miologique.<\/p>\n<p class=\"rtejustify\">Au total, 5,99 millions ont d\u00e9j\u00e0 \u00e9taitent administr\u00e9es, dont 1,76 millions de 2e dose. Le Maroc a d\u00e9j\u00e0 vaccin 4.225.311 de personnes (dose 1) et 1.767.472 personnes (dose 2), selon les derni\u00e8res donn\u00e9es disponibles lundi 15 mars.<\/p>\n<p>Auteur: hgueye<br \/>\n<a href=\"https:\/\/www.leconomiste.com\/flash-infos\/covid19-95-des-doses-injectees-en-afrique-ont-ete-administrees-au-maroc\">Cliquez ici pour lire l&rsquo;article depuis sa source.<\/a><\/p>\n","protected":false},"excerpt":{"rendered":"<p>Le Maroc, premier africain \u00e0 avoir lanc\u00e9 sa campagne de vaccination contre le Covid19, a administr\u00e9 pr\u00e8s de 95% des doses de vaccins anti-Covid inject\u00e9es en Afrique, a indiqu\u00e9 mardi le\u00a0chef de la division des maladies transmissibles \u00e0 la direction de l&rsquo;\u00e9pid\u00e9miologie et de lutte contre les maladies, Abdelkrim Meziane Bellefquih. Le\u00a0Maroc occupe ainsi la [&hellip;]<\/p>\n","protected":false},"author":1763,"featured_media":0,"comment_status":"closed","ping_status":"closed","sticky":false,"template":"","format":"standard","meta":{"fifu_image_url":"","fifu_image_alt":"","footnotes":""},"categories":[78,54],"tags":[],"class_list":["post-113177","post","type-post","status-publish","format-standard","hentry","category-economie","category-maroc"],"_links":{"self":[{"href":"https:\/\/linitiative.ca\/International\/wp-json\/wp\/v2\/posts\/113177","targetHints":{"allow":["GET"]}}],"collection":[{"href":"https:\/\/linitiative.ca\/International\/wp-json\/wp\/v2\/posts"}],"about":[{"href":"https:\/\/linitiative.ca\/International\/wp-json\/wp\/v2\/types\/post"}],"author":[{"embeddable":true,"href":"https:\/\/linitiative.ca\/International\/wp-json\/wp\/v2\/users\/1763"}],"replies":[{"embeddable":true,"href":"https:\/\/linitiative.ca\/International\/wp-json\/wp\/v2\/comments?post=113177"}],"version-history":[{"count":0,"href":"https:\/\/linitiative.ca\/International\/wp-json\/wp\/v2\/posts\/113177\/revisions"}],"wp:attachment":[{"href":"https:\/\/linitiative.ca\/International\/wp-json\/wp\/v2\/media?parent=113177"}],"wp:term":[{"taxonomy":"category","embeddable":true,"href":"https:\/\/linitiative.ca\/International\/wp-json\/wp\/v2\/categories?post=113177"},{"taxonomy":"post_tag","embeddable":true,"href":"https:\/\/linitiative.ca\/International\/wp-json\/wp\/v2\/tags?post=113177"}],"curies":[{"name":"wp","href":"https:\/\/api.w.org\/{rel}","templated":true}]}}