{"id":113179,"date":"2021-03-16T14:12:46","date_gmt":"2021-03-16T18:12:46","guid":{"rendered":"https:\/\/linitiative.ca\/International\/fonds-special-covid19-le-dementi-du-mefra\/"},"modified":"2021-03-16T14:12:46","modified_gmt":"2021-03-16T18:12:46","slug":"fonds-special-covid19-le-dementi-du-mefra","status":"publish","type":"post","link":"https:\/\/linitiative.ca\/International\/fonds-special-covid19-le-dementi-du-mefra\/","title":{"rendered":"Fonds sp\u00e9cial Covid19: Le d\u00e9menti du MEFRA"},"content":{"rendered":"<p class=\"rtejustify\">Le minist\u00e8re de l&rsquo;Economie, des Finances et de la r\u00e9forme de l&rsquo;administration (MEFRA) a d\u00e9menti\u00a0certaines fausses informations publi\u00e9es par certains m\u00e9dias et faisant \u00e9tant d&rsquo;un d\u00e9ficit du Fonds d\u00e9di\u00e9 \u00e0 la gestion de la pand\u00e9mie de Covid19.\u00a0<\/p>\n<p class=\"rtejustify\">Dans un communiqu\u00e9, le MEFRA affirme que\u00a0la tr\u00e9sorerie nette disponible du Compte d\u2019Affectation Sp\u00e9cial en question est \u00ab\u00a0positive\u00a0\u00bb et est \u00e9valu\u00e9e \u00e0 pr\u00e8s de 3,5 milliards de DH. Autrement dit, \u00ab\u00a0ce compte dispose des fonds n\u00e9cessaires pour acqu\u00e9rir les vaccins et pour honorer tous les engagements financiers de l&rsquo;Etat qui rel\u00e8vent de son champ d&rsquo;intervention\u00a0\u00bb, selon le MEFRA.<\/p>\n<p class=\"rtejustify\">Certains m\u00e9dias ont fait \u00e9tat\u00a0d\u2019un solde n\u00e9gatif de 1,8 milliards de DH enregistr\u00e9 par le Fonds sp\u00e9cial pour la gestion de la pand\u00e9mie du Coronavirus et qui s\u2019explique, selon ces articles, par les d\u00e9penses induites suite \u00e0 l\u2019acquisition des vaccins contre la Covid-19 \u00e0 hauteur de 1,7 milliards de DH. Mais pour le MEFRA, il s&rsquo;agit d&rsquo;une \u00ab\u00a0interpr\u00e9tation erron\u00e9e\u00a0\u00bb des donn\u00e9es comptables publi\u00e9es dans le bulletin mensuel de statistiques des finances publiques du mois de f\u00e9vrier. \u00ab\u00a0Le\u00a0solde publi\u00e9 au niveau dudit bulletin est consid\u00e9r\u00e9 comme \u00e9tant un solde de gestion, ne prenant pas en consid\u00e9ration le solde report\u00e9 de l\u2019ann\u00e9e 2020. A fin d\u00e9cembre 2020, ce dernier se situe, en effet, \u00e0 5,3 milliards de DH\u00a0\u00bb, pr\u00e9cise d&rsquo;ailleurs le d\u00e9partement de Mohamed Bencha\u00e2boun.<\/p>\n<p class=\"rtejustify\">\u00a0<\/p>\n<p>Auteur: hgueye<br \/>\n<a href=\"https:\/\/www.leconomiste.com\/flash-infos\/fonds-special-covid19-le-dementi-du-mefra\">Cliquez ici pour lire l&rsquo;article depuis sa source.<\/a><\/p>\n","protected":false},"excerpt":{"rendered":"<p>Le minist\u00e8re de l&rsquo;Economie, des Finances et de la r\u00e9forme de l&rsquo;administration (MEFRA) a d\u00e9menti\u00a0certaines fausses informations publi\u00e9es par certains m\u00e9dias et faisant \u00e9tant d&rsquo;un d\u00e9ficit du Fonds d\u00e9di\u00e9 \u00e0 la gestion de la pand\u00e9mie de Covid19.\u00a0 Dans un communiqu\u00e9, le MEFRA affirme que\u00a0la tr\u00e9sorerie nette disponible du Compte d\u2019Affectation Sp\u00e9cial en question est \u00ab\u00a0positive\u00a0\u00bb [&hellip;]<\/p>\n","protected":false},"author":1763,"featured_media":0,"comment_status":"closed","ping_status":"closed","sticky":false,"template":"","format":"standard","meta":{"fifu_image_url":"","fifu_image_alt":"","footnotes":""},"categories":[78,54],"tags":[],"class_list":["post-113179","post","type-post","status-publish","format-standard","hentry","category-economie","category-maroc"],"_links":{"self":[{"href":"https:\/\/linitiative.ca\/International\/wp-json\/wp\/v2\/posts\/113179","targetHints":{"allow":["GET"]}}],"collection":[{"href":"https:\/\/linitiative.ca\/International\/wp-json\/wp\/v2\/posts"}],"about":[{"href":"https:\/\/linitiative.ca\/International\/wp-json\/wp\/v2\/types\/post"}],"author":[{"embeddable":true,"href":"https:\/\/linitiative.ca\/International\/wp-json\/wp\/v2\/users\/1763"}],"replies":[{"embeddable":true,"href":"https:\/\/linitiative.ca\/International\/wp-json\/wp\/v2\/comments?post=113179"}],"version-history":[{"count":0,"href":"https:\/\/linitiative.ca\/International\/wp-json\/wp\/v2\/posts\/113179\/revisions"}],"wp:attachment":[{"href":"https:\/\/linitiative.ca\/International\/wp-json\/wp\/v2\/media?parent=113179"}],"wp:term":[{"taxonomy":"category","embeddable":true,"href":"https:\/\/linitiative.ca\/International\/wp-json\/wp\/v2\/categories?post=113179"},{"taxonomy":"post_tag","embeddable":true,"href":"https:\/\/linitiative.ca\/International\/wp-json\/wp\/v2\/tags?post=113179"}],"curies":[{"name":"wp","href":"https:\/\/api.w.org\/{rel}","templated":true}]}}