{"id":113181,"date":"2021-03-16T15:14:21","date_gmt":"2021-03-16T19:14:21","guid":{"rendered":"https:\/\/linitiative.ca\/International\/ligue-1-2-ligue-1-la-lfp-fixe-les-dates-de-huit-matchs-en-retard\/"},"modified":"2021-03-16T15:14:21","modified_gmt":"2021-03-16T19:14:21","slug":"ligue-1-2-ligue-1-la-lfp-fixe-les-dates-de-huit-matchs-en-retard","status":"publish","type":"post","link":"https:\/\/linitiative.ca\/International\/ligue-1-2-ligue-1-la-lfp-fixe-les-dates-de-huit-matchs-en-retard\/","title":{"rendered":"Ligue 1 &amp; 2 : Ligue 1: la LFP fixe les dates de huit matchs en retard"},"content":{"rendered":"<div readability=\"32\">\n<p>Auteur : <span>APS<\/span> <span class=\"time\">mardi 16 mars 2021 16:27<\/span><\/p>\n<\/div>\n<div id=\"post_core\" readability=\"37\">\n<p>La Ligue de football professionnel (LFP) a arr\u00eat\u00e9 mardi les dates de huit matchs en retard du championnat de Ligue 1 qui se d\u00e9rouleront d\u00e9sormais entre le 24 et le 30 mars. Le derby alg\u00e9rois USMA &#8211; MCA comptant pour la 12e journ\u00e9e est programm\u00e9 pour le vendredi 26 mars, \u00e0 l&rsquo;instar de deux autres rencontres : JSS-ESS et JSK-CSC. La mise \u00e0 jour du calendrier de Ligue 1 d\u00e9butera le mercredi 24 mars avec la rencontre entre l&rsquo;ASO et le CRB et se terminera le mardi 30 mars avec le d\u00e9roulement de trois matchs : MCA-ASO, ESS-ASAM et JSK-RCR.\u00a0\u00a0<\/p>\n<p><strong class=\"c2\">Mercredi 24 mars:<\/strong><\/p>\n<p>ASO-CRB (12e journ\u00e9e)<\/p>\n<p><strong class=\"c2\">Vendredi 26 mars:<\/strong><\/p>\n<p>USMA-MCA (12e journ\u00e9e)<\/p>\n<p>JSS-ESS (13e journ\u00e9e)<\/p>\n<p>JSK-CSC (13e journ\u00e9e)<\/p>\n<p><span class=\"c3\"><strong>Dimanche 28 mars:<\/strong><\/span><\/p>\n<p>CRB-WAT (13e journ\u00e9e)<\/p>\n<p><strong class=\"c2\">Mardi 30 mars:<\/strong><\/p>\n<p>MCA-ASO (13e journ\u00e9e)<\/p>\n<p>JSK-RCR (14e journ\u00e9e)<\/p>\n<p>ESS-ASAM (14e journ\u00e9e).<\/p>\n<p><strong>Publi\u00e9 dans :<\/strong> <span>ligue 1<\/span><\/p>\n<\/div>\n<p>Auteur:<br \/>\n<a href=\"http:\/\/www.lebuteur.com\/article\/detail?titre=ligue-1-la-lfp-fixe-les-dates-de-huit-matchs-en-retard&#038;id=99412&#038;utm_source=feedburner&#038;utm_medium=feed&#038;utm_campaign=Feed%3A+GalerieFArtciles+%28Les+derniers+articles++-+lebuteur.com%29\">Cliquez ici pour lire l&rsquo;article depuis sa source.<\/a><\/p>\n","protected":false},"excerpt":{"rendered":"<p>Auteur : APS mardi 16 mars 2021 16:27 La Ligue de football professionnel (LFP) a arr\u00eat\u00e9 mardi les dates de huit matchs en retard du championnat de Ligue 1 qui se d\u00e9rouleront d\u00e9sormais entre le 24 et le 30 mars. Le derby alg\u00e9rois USMA &#8211; MCA comptant pour la 12e journ\u00e9e est programm\u00e9 pour le [&hellip;]<\/p>\n","protected":false},"author":1738,"featured_media":0,"comment_status":"closed","ping_status":"closed","sticky":false,"template":"","format":"standard","meta":{"fifu_image_url":"\/\/cdn.lebuteur.com\/data\/images\/article\/thumbs\/large-ligue-1-la-lfp-fixe-les-dates-de-huit-matchs-en-retard-30bf8.jpg","fifu_image_alt":"Ligue 1 & 2 : Ligue 1: la LFP fixe les dates de huit matchs en retard","footnotes":""},"categories":[53,75],"tags":[],"class_list":["post-113181","post","type-post","status-publish","format-standard","hentry","category-algerie","category-sport"],"_links":{"self":[{"href":"https:\/\/linitiative.ca\/International\/wp-json\/wp\/v2\/posts\/113181","targetHints":{"allow":["GET"]}}],"collection":[{"href":"https:\/\/linitiative.ca\/International\/wp-json\/wp\/v2\/posts"}],"about":[{"href":"https:\/\/linitiative.ca\/International\/wp-json\/wp\/v2\/types\/post"}],"author":[{"embeddable":true,"href":"https:\/\/linitiative.ca\/International\/wp-json\/wp\/v2\/users\/1738"}],"replies":[{"embeddable":true,"href":"https:\/\/linitiative.ca\/International\/wp-json\/wp\/v2\/comments?post=113181"}],"version-history":[{"count":0,"href":"https:\/\/linitiative.ca\/International\/wp-json\/wp\/v2\/posts\/113181\/revisions"}],"wp:attachment":[{"href":"https:\/\/linitiative.ca\/International\/wp-json\/wp\/v2\/media?parent=113181"}],"wp:term":[{"taxonomy":"category","embeddable":true,"href":"https:\/\/linitiative.ca\/International\/wp-json\/wp\/v2\/categories?post=113181"},{"taxonomy":"post_tag","embeddable":true,"href":"https:\/\/linitiative.ca\/International\/wp-json\/wp\/v2\/tags?post=113181"}],"curies":[{"name":"wp","href":"https:\/\/api.w.org\/{rel}","templated":true}]}}