{"id":113182,"date":"2021-03-16T15:14:22","date_gmt":"2021-03-16T19:14:22","guid":{"rendered":"https:\/\/linitiative.ca\/International\/equipe-dalgerie-zetchi-evoque-sa-succession-a-la-faf\/"},"modified":"2021-03-16T15:14:22","modified_gmt":"2021-03-16T19:14:22","slug":"equipe-dalgerie-zetchi-evoque-sa-succession-a-la-faf","status":"publish","type":"post","link":"https:\/\/linitiative.ca\/International\/equipe-dalgerie-zetchi-evoque-sa-succession-a-la-faf\/","title":{"rendered":"Equipe d&rsquo;Alg\u00e9rie : Zetchi \u00e9voque sa succession \u00e0 la FAF"},"content":{"rendered":"<div readability=\"32\">\n<p>Auteur : <span>Riad O<\/span> <span class=\"time\">mardi 16 mars 2021 16:58<\/span><\/p>\n<\/div>\n<div id=\"post_core\" readability=\"37\">\n<p>Khe\u00efreddine Zetchi n\u2019a pas encore d\u00e9cid\u00e9 s\u2019il se repr\u00e9sentera ou non pour un nouveau mandat \u00e0 la t\u00eate de la F\u00e9d\u00e9ration Alg\u00e9rienne de Football. Interrog\u00e9 \u00e0 ce sujet aujourd\u2019hui en marge de sa visite \u00e0 Tlemcen, le patron de la f\u00e9d\u00e9 a r\u00e9pondu\u00a0:\u00a0\u00abPour le moment je n\u2019ai pas pris de d\u00e9cision. Toutefois, j\u2019annoncerai ma d\u00e9cision dans les tous prochains jours.\u00bb<\/p>\n<p><span class=\"c2\"><strong>Riad O<\/strong><\/span><\/p>\n<p><strong>Publi\u00e9 dans :<\/strong> <span>Zetchi<\/span><\/p>\n<\/div>\n<p>Auteur:<br \/>\n<a href=\"http:\/\/www.lebuteur.com\/article\/detail?titre=zetchi-evoque-sa-succession-a-la-faf&#038;id=99414&#038;utm_source=feedburner&#038;utm_medium=feed&#038;utm_campaign=Feed%3A+GalerieFArtciles+%28Les+derniers+articles++-+lebuteur.com%29\">Cliquez ici pour lire l&rsquo;article depuis sa source.<\/a><\/p>\n","protected":false},"excerpt":{"rendered":"<p>Auteur : Riad O mardi 16 mars 2021 16:58 Khe\u00efreddine Zetchi n\u2019a pas encore d\u00e9cid\u00e9 s\u2019il se repr\u00e9sentera ou non pour un nouveau mandat \u00e0 la t\u00eate de la F\u00e9d\u00e9ration Alg\u00e9rienne de Football. Interrog\u00e9 \u00e0 ce sujet aujourd\u2019hui en marge de sa visite \u00e0 Tlemcen, le patron de la f\u00e9d\u00e9 a r\u00e9pondu\u00a0:\u00a0\u00abPour le moment je [&hellip;]<\/p>\n","protected":false},"author":1738,"featured_media":0,"comment_status":"closed","ping_status":"closed","sticky":false,"template":"","format":"standard","meta":{"fifu_image_url":"\/\/cdn.lebuteur.com\/data\/images\/article\/thumbs\/large-zetchi-evoque-sa-succession-a-la-faf-b0ce8.jpg","fifu_image_alt":"Equipe d'Alg\u00e9rie : Zetchi \u00e9voque sa succession \u00e0 la FAF","footnotes":""},"categories":[53,75],"tags":[],"class_list":["post-113182","post","type-post","status-publish","format-standard","hentry","category-algerie","category-sport"],"_links":{"self":[{"href":"https:\/\/linitiative.ca\/International\/wp-json\/wp\/v2\/posts\/113182","targetHints":{"allow":["GET"]}}],"collection":[{"href":"https:\/\/linitiative.ca\/International\/wp-json\/wp\/v2\/posts"}],"about":[{"href":"https:\/\/linitiative.ca\/International\/wp-json\/wp\/v2\/types\/post"}],"author":[{"embeddable":true,"href":"https:\/\/linitiative.ca\/International\/wp-json\/wp\/v2\/users\/1738"}],"replies":[{"embeddable":true,"href":"https:\/\/linitiative.ca\/International\/wp-json\/wp\/v2\/comments?post=113182"}],"version-history":[{"count":0,"href":"https:\/\/linitiative.ca\/International\/wp-json\/wp\/v2\/posts\/113182\/revisions"}],"wp:attachment":[{"href":"https:\/\/linitiative.ca\/International\/wp-json\/wp\/v2\/media?parent=113182"}],"wp:term":[{"taxonomy":"category","embeddable":true,"href":"https:\/\/linitiative.ca\/International\/wp-json\/wp\/v2\/categories?post=113182"},{"taxonomy":"post_tag","embeddable":true,"href":"https:\/\/linitiative.ca\/International\/wp-json\/wp\/v2\/tags?post=113182"}],"curies":[{"name":"wp","href":"https:\/\/api.w.org\/{rel}","templated":true}]}}