{"id":113189,"date":"2021-03-16T06:00:00","date_gmt":"2021-03-16T10:00:00","guid":{"rendered":"https:\/\/linitiative.ca\/International\/malaise-a-lex-ansej-de-constantine\/"},"modified":"2021-03-16T06:00:00","modified_gmt":"2021-03-16T10:00:00","slug":"malaise-a-lex-ansej-de-constantine","status":"publish","type":"post","link":"https:\/\/linitiative.ca\/International\/malaise-a-lex-ansej-de-constantine\/","title":{"rendered":"Malaise \u00e0 l\u2019ex-Ansej de Constantine"},"content":{"rendered":"<p class=\"c3\">Rien ne va plus entre l\u2019UGTA de Constantine et la direction g\u00e9n\u00e9rale de l\u2019Agence nationale d\u2019appui et de d\u00e9veloppement de l\u2019entrepreneuriat (Anade) ex-Ansej, qui juge, de prime abord, l\u2019appel \u00e0 une gr\u00e8ve de 2 jours \u00abill\u00e9gal\u00bb. \u00abLa l\u00e9gitimit\u00e9 de ce d\u00e9brayage est du seul ressort du Conseil de l\u2019\u00c9tat\u00bb, estime le syndicat repr\u00e9sentant les travailleurs et les cadres de l\u2019Anade, et qui affirme que toutes les tentatives pour se r\u00e9unir avec l\u2019employeur se sont sold\u00e9es par une fuite en avant de la part des responsables et ce, concernant la r\u00e9vision de la convention collective, d\u00e9pass\u00e9e, selon les plaignants.\u00a0<\/p>\n<p>Auteur:<br \/>\n<a href=\"https:\/\/www.lesoirdalgerie.com\/periscoop\/malaise-a-lex-ansej-de-constantine-57961\">Cliquez ici pour lire l&rsquo;article depuis sa source.<\/a><\/p>\n","protected":false},"excerpt":{"rendered":"<p>Rien ne va plus entre l\u2019UGTA de Constantine et la direction g\u00e9n\u00e9rale de l\u2019Agence nationale d\u2019appui et de d\u00e9veloppement de l\u2019entrepreneuriat (Anade) ex-Ansej, qui juge, de prime abord, l\u2019appel \u00e0 une gr\u00e8ve de 2 jours \u00abill\u00e9gal\u00bb. \u00abLa l\u00e9gitimit\u00e9 de ce d\u00e9brayage est du seul ressort du Conseil de l\u2019\u00c9tat\u00bb, estime le syndicat repr\u00e9sentant les travailleurs [&hellip;]<\/p>\n","protected":false},"author":1741,"featured_media":0,"comment_status":"closed","ping_status":"closed","sticky":false,"template":"","format":"standard","meta":{"fifu_image_url":"","fifu_image_alt":"","footnotes":""},"categories":[73,53],"tags":[],"class_list":["post-113189","post","type-post","status-publish","format-standard","hentry","category-actualite","category-algerie"],"_links":{"self":[{"href":"https:\/\/linitiative.ca\/International\/wp-json\/wp\/v2\/posts\/113189","targetHints":{"allow":["GET"]}}],"collection":[{"href":"https:\/\/linitiative.ca\/International\/wp-json\/wp\/v2\/posts"}],"about":[{"href":"https:\/\/linitiative.ca\/International\/wp-json\/wp\/v2\/types\/post"}],"author":[{"embeddable":true,"href":"https:\/\/linitiative.ca\/International\/wp-json\/wp\/v2\/users\/1741"}],"replies":[{"embeddable":true,"href":"https:\/\/linitiative.ca\/International\/wp-json\/wp\/v2\/comments?post=113189"}],"version-history":[{"count":0,"href":"https:\/\/linitiative.ca\/International\/wp-json\/wp\/v2\/posts\/113189\/revisions"}],"wp:attachment":[{"href":"https:\/\/linitiative.ca\/International\/wp-json\/wp\/v2\/media?parent=113189"}],"wp:term":[{"taxonomy":"category","embeddable":true,"href":"https:\/\/linitiative.ca\/International\/wp-json\/wp\/v2\/categories?post=113189"},{"taxonomy":"post_tag","embeddable":true,"href":"https:\/\/linitiative.ca\/International\/wp-json\/wp\/v2\/tags?post=113189"}],"curies":[{"name":"wp","href":"https:\/\/api.w.org\/{rel}","templated":true}]}}