{"id":113190,"date":"2021-03-16T06:00:00","date_gmt":"2021-03-16T10:00:00","guid":{"rendered":"https:\/\/linitiative.ca\/International\/repondez-lui-monsieur-le-maire\/"},"modified":"2021-03-16T06:00:00","modified_gmt":"2021-03-16T10:00:00","slug":"repondez-lui-monsieur-le-maire","status":"publish","type":"post","link":"https:\/\/linitiative.ca\/International\/repondez-lui-monsieur-le-maire\/","title":{"rendered":"R\u00e9pondez-lui, Monsieur le Maire !"},"content":{"rendered":"<p class=\"c3\">Quand ils sont fatigu\u00e9s de courir partout et qu\u2019ils ne savent plus \u00e0 qui s\u2019adresser, ils se disent que, solliciter, dans un dernier recours, la presse va peut-\u00eatre r\u00e9ussir \u00e0 influencer la r\u00e9solution du probl\u00e8me. Que l\u2019on s\u2019entende bien ! Je n\u2019ai pas, personnellement, la pr\u00e9tention de sensibiliser l\u2019administration autour des tracas qu\u2019elle cause aux citoyens. Surtout sur le peu de temps qu\u2019elle consacre \u00e0 leurs dol\u00e9ances, d\u00e9sint\u00e9r\u00eat qui conduit aux coups de gueule que l\u2019on sait. Il fut un temps o\u00f9 un responsable, en m\u00eame temps qu\u2019il admettait bien volontiers les erreurs de son d\u00e9partement, s\u2019arrangeait pour corriger presque imm\u00e9diatement les travers de ce dernier. Aujourd\u2019hui, les relations ont chang\u00e9 entre les uns et les autres. Pendant qu\u2019un responsable fait affaire, le journaliste, lui, est accus\u00e9 de travailler contre la stabilit\u00e9 de son pays, pour des forces \u00e9trang\u00e8res. Il y a un mois environ, parmi les messages que je re\u00e7ois, il y avait celui d\u2019un lecteur de Bordj-El-Kiffan, exc\u00e9d\u00e9 par son APC qui lui renouvelle le r\u00e9c\u00e9piss\u00e9 de son permis de conduire depuis 7 mois ! Le 5 d\u00e9cembre dernier, il envoie un mail au P\/APC et \u00e0 son secr\u00e9taire g\u00e9n\u00e9ral qui avaient refus\u00e9 de le recevoir. L\u2019agent de s\u00e9curit\u00e9 le conduit aupr\u00e8s du chef de service cens\u00e9 r\u00e9soudre les probl\u00e8mes du genre, pas assez s\u00e9rieux pour d\u00e9tourner le maire de ses \u00abdiverses\u00bb pr\u00e9occupations citoyennes. Le chef de service lui renouvelle son r\u00e9c\u00e9piss\u00e9 et l\u2019invite \u00e0 refaire la d\u00e9marche dans un mois. L\u2019ancien permis ayant \u00e9t\u00e9 d\u00e9livr\u00e9 \u00e0 Arzew, le lieu de r\u00e9sidence d\u2019origine, l\u2019APC de Bordj-El-Kiffan aurait demand\u00e9, le 5 septembre dernier, par fax, \u00e0 son homologue d\u2019Oran le document original. Sans succ\u00e8s ! Le document ne pouvant \u00eatre achemin\u00e9 individuellement d\u2019une mairie \u00e0 une autre, son propri\u00e9taire attend depuis 7 mois que ces derni\u00e8res se d\u00e9cident, enfin, \u00e0 prendre leurs responsabilit\u00e9s et \u00e0 faire le boulot pour lequel leurs dirigeants ont \u00e9t\u00e9 \u00e9lus !\u00a0<br \/>Ulc\u00e9r\u00e9, le lecteur \u00e9crit au Premier ministre, au ministre de l\u2019Int\u00e9rieur, au pr\u00e9sident et SG de l\u2019APC de Bordj-El-Kiffan, au wali d\u2019Oran, \u00e0 la presse \u00e9crite et num\u00e9rique. En vain. Rien \u00e0 l\u2019horizon de la \u00abnouvelle Alg\u00e9rie\u00bb ?\u00a0\u00a0<br \/><em><strong>M. B.\u00a0<\/strong><\/em><\/p>\n<p>Auteur:<br \/>\n<a href=\"https:\/\/www.lesoirdalgerie.com\/soit-dit-en-passant\/repondez-lui-monsieur-le-maire-57960\">Cliquez ici pour lire l&rsquo;article depuis sa source.<\/a><\/p>\n","protected":false},"excerpt":{"rendered":"<p>Quand ils sont fatigu\u00e9s de courir partout et qu\u2019ils ne savent plus \u00e0 qui s\u2019adresser, ils se disent que, solliciter, dans un dernier recours, la presse va peut-\u00eatre r\u00e9ussir \u00e0 influencer la r\u00e9solution du probl\u00e8me. Que l\u2019on s\u2019entende bien ! Je n\u2019ai pas, personnellement, la pr\u00e9tention de sensibiliser l\u2019administration autour des tracas qu\u2019elle cause aux [&hellip;]<\/p>\n","protected":false},"author":1741,"featured_media":0,"comment_status":"closed","ping_status":"closed","sticky":false,"template":"","format":"standard","meta":{"fifu_image_url":"","fifu_image_alt":"","footnotes":""},"categories":[73,53],"tags":[],"class_list":["post-113190","post","type-post","status-publish","format-standard","hentry","category-actualite","category-algerie"],"_links":{"self":[{"href":"https:\/\/linitiative.ca\/International\/wp-json\/wp\/v2\/posts\/113190","targetHints":{"allow":["GET"]}}],"collection":[{"href":"https:\/\/linitiative.ca\/International\/wp-json\/wp\/v2\/posts"}],"about":[{"href":"https:\/\/linitiative.ca\/International\/wp-json\/wp\/v2\/types\/post"}],"author":[{"embeddable":true,"href":"https:\/\/linitiative.ca\/International\/wp-json\/wp\/v2\/users\/1741"}],"replies":[{"embeddable":true,"href":"https:\/\/linitiative.ca\/International\/wp-json\/wp\/v2\/comments?post=113190"}],"version-history":[{"count":0,"href":"https:\/\/linitiative.ca\/International\/wp-json\/wp\/v2\/posts\/113190\/revisions"}],"wp:attachment":[{"href":"https:\/\/linitiative.ca\/International\/wp-json\/wp\/v2\/media?parent=113190"}],"wp:term":[{"taxonomy":"category","embeddable":true,"href":"https:\/\/linitiative.ca\/International\/wp-json\/wp\/v2\/categories?post=113190"},{"taxonomy":"post_tag","embeddable":true,"href":"https:\/\/linitiative.ca\/International\/wp-json\/wp\/v2\/tags?post=113190"}],"curies":[{"name":"wp","href":"https:\/\/api.w.org\/{rel}","templated":true}]}}