{"id":113193,"date":"2021-03-16T09:15:00","date_gmt":"2021-03-16T13:15:00","guid":{"rendered":"https:\/\/linitiative.ca\/International\/fondation-renault-maroc-vif-succes-pour-la-2eme-edition-du-bibliobus\/"},"modified":"2021-03-16T09:15:00","modified_gmt":"2021-03-16T13:15:00","slug":"fondation-renault-maroc-vif-succes-pour-la-2eme-edition-du-bibliobus","status":"publish","type":"post","link":"https:\/\/linitiative.ca\/International\/fondation-renault-maroc-vif-succes-pour-la-2eme-edition-du-bibliobus\/","title":{"rendered":"Fondation Renault Maroc : vif succ\u00e8s pour la 2\u00e8me \u00e9dition du Bibliobus"},"content":{"rendered":"<p><strong>La Fondation Renault Maroc vient de cl\u00f4turer avec succ\u00e8s la 2<sup>\u00e8me<\/sup> \u00e9dition renforc\u00e9e du Bibliobus dans les provinces de Fahs Anjra et du Grand Casablanca avec plusieurs nouveaut\u00e9s en faveur de milliers d\u2019\u00e9coliers.<\/strong><\/p>\n<div class=\"c10\">\n<\/div>\n<p>Apr\u00e8s une premi\u00e8re campagne r\u00e9ussie en 2019, la Fondation Renault Maroc a lanc\u00e9 la deuxi\u00e8me \u00e9dition du Bibliobus, soutenue par de nombreuses initiatives solidaires au b\u00e9n\u00e9fice des \u00e9coliers de ses zones d\u2019ancrage et r\u00e9adapt\u00e9e pour accompagner le contexte \u00e9ducatif li\u00e9 \u00e0 la crise sanitaire.<\/p>\n<p>En partenariat avec la Fondation Hiba et l\u2019association Al Jisr, la 2<sup>\u00e8me<\/sup> \u00e9dition du Bibliobus a \u00e9t\u00e9 d\u00e9ploy\u00e9e simultan\u00e9ment dans les \u00e9coles primaires publiques des provinces de Fahs Anjra \u00e0 Tanger et dans le Grand Casablanca, entre octobre 2020 et fin f\u00e9vrier 2021. Cette \u00e9dition a \u00e9t\u00e9 appuy\u00e9e par un deuxi\u00e8me Bibliobus, un Renault Master de l\u2019association Al Jisr et am\u00e9nag\u00e9 en biblioth\u00e8que mobile permettant d\u2019augmenter le nombre des b\u00e9n\u00e9ficiaires des diff\u00e9rents ateliers propos\u00e9s : lecture, art-plastique, th\u00e9\u00e2tre, gestion des biblioth\u00e8ques scolaires et projection de film \u00e9ducatif.<\/p>\n<p><strong>Lire aussi | <a href=\"https:\/\/www.challenge.ma\/air-arabia-5-nouvelles-liaisons-vers-la-france-178280\/\">Air Arabia : 5 nouvelles liaisons vers la France<\/a><\/strong><\/p>\n<p>Ce sont plus d\u2019une cinquantaine d\u2019\u00e9tablissements scolaires, soit plus de 8 500 \u00e9coliers, qui se sont vu propos\u00e9s des ateliers culturels et artistiques, am\u00e9nag\u00e9s en prenant en consid\u00e9ration les restrictions sanitaires, avec l\u2019aide d\u2019animateurs et encadrants sp\u00e9cialis\u00e9s. Parmi les actions mises en place dans le contexte particulier li\u00e9 \u00e0 la pand\u00e9mie qui a boulevers\u00e9 les m\u00e9thodes d\u2019enseignement dans le monde, cette 2<sup>\u00e8me<\/sup> \u00e9dition s\u2019est distingu\u00e9e dans un premier temps par la formation des enseignants sur les outils et techniques d\u2019enseignement \u00e0 distance.<\/p>\n<p>Plus de 300 enseignants ont pu b\u00e9n\u00e9ficier de ce soutien, leur facilitant la transmission de leur savoir \u00e0 leurs \u00e9l\u00e8ves. Parce que l\u2019\u00e9ducation est une priorit\u00e9, la Fondation Renault Maroc a \u00e9galement tenu \u00e0 encourager les \u00e9l\u00e8ves \u00e0 renforcer leur apprentissage avec l\u2019int\u00e9gration d\u2019un outil p\u00e9dagogique bilingue leur permettant de gagner en autonomie dans les circonstances sanitaires actuelles.<\/p>\n<p><strong>Lire aussi | <a href=\"https:\/\/www.challenge.ma\/reforme-de-la-protection-sociale-la-loi-cadre-adoptee-au-parlement-178276\/\">R\u00e9forme de la protection sociale : la loi-cadre adopt\u00e9e au parlement<\/a><\/strong><\/p>\n<p>Con\u00e7u par l\u2019\u00e9quipe p\u00e9dagogique de l\u2019association AlJisr, ce cahier \u00e9ducatif se pr\u00e9sente sous forme de supports \u00e9dit\u00e9s pour 6 niveaux, allant du CE1 au CE6, et y aborde l\u2019essentiel de l\u2019apprentissage des langues, des sciences, des math\u00e9matiques et de l\u2019\u00e9ducation civique et artistique. Cette 2<sup>\u00e8me<\/sup> \u00e9dition a \u00e9t\u00e9 \u00e9galement l\u2019occasion de distribuer 6 000 exemplaires de ces cahiers. Plus que jamais, la Fondation Renault Maroc a fait de la lutte contre l\u2019abandon scolaire une cause importante pour laquelle elle s\u2019engage.<\/p>\n<p>A noter que le Bibliobus est un des projets de la Fondation Renault Maroc qui permet de rendre plus attractif l\u2019apprentissage et qui peut se r\u00e9v\u00e9ler \u00eatre un facteur suppl\u00e9mentaire pour encourager la r\u00e9tention scolaire. La Fondation qui croit profond\u00e9ment dans l\u2019organisation des activit\u00e9s parascolaires pour induire une vision nouvelle de l\u2019\u00e9cole, et susciter la curiosit\u00e9 des jeunes et construire des souvenirs \u00e0 partager par la suite.<\/p>\n<p>Auteur: challenge<br \/>\n<a href=\"https:\/\/www.challenge.ma\/fondation-renault-maroc-vif-succes-pour-la-2eme-edition-du-bibliobus-178352\/\">Cliquez ici pour lire l&rsquo;article depuis sa source.<\/a><\/p>\n","protected":false},"excerpt":{"rendered":"<p>La Fondation Renault Maroc vient de cl\u00f4turer avec succ\u00e8s la 2\u00e8me \u00e9dition renforc\u00e9e du Bibliobus dans les provinces de Fahs Anjra et du Grand Casablanca avec plusieurs nouveaut\u00e9s en faveur de milliers d\u2019\u00e9coliers. Apr\u00e8s une premi\u00e8re campagne r\u00e9ussie en 2019, la Fondation Renault Maroc a lanc\u00e9 la deuxi\u00e8me \u00e9dition du Bibliobus, soutenue par de nombreuses [&hellip;]<\/p>\n","protected":false},"author":1787,"featured_media":0,"comment_status":"closed","ping_status":"closed","sticky":false,"template":"","format":"standard","meta":{"fifu_image_url":"","fifu_image_alt":"","footnotes":""},"categories":[78,54],"tags":[],"class_list":["post-113193","post","type-post","status-publish","format-standard","hentry","category-economie","category-maroc"],"_links":{"self":[{"href":"https:\/\/linitiative.ca\/International\/wp-json\/wp\/v2\/posts\/113193","targetHints":{"allow":["GET"]}}],"collection":[{"href":"https:\/\/linitiative.ca\/International\/wp-json\/wp\/v2\/posts"}],"about":[{"href":"https:\/\/linitiative.ca\/International\/wp-json\/wp\/v2\/types\/post"}],"author":[{"embeddable":true,"href":"https:\/\/linitiative.ca\/International\/wp-json\/wp\/v2\/users\/1787"}],"replies":[{"embeddable":true,"href":"https:\/\/linitiative.ca\/International\/wp-json\/wp\/v2\/comments?post=113193"}],"version-history":[{"count":0,"href":"https:\/\/linitiative.ca\/International\/wp-json\/wp\/v2\/posts\/113193\/revisions"}],"wp:attachment":[{"href":"https:\/\/linitiative.ca\/International\/wp-json\/wp\/v2\/media?parent=113193"}],"wp:term":[{"taxonomy":"category","embeddable":true,"href":"https:\/\/linitiative.ca\/International\/wp-json\/wp\/v2\/categories?post=113193"},{"taxonomy":"post_tag","embeddable":true,"href":"https:\/\/linitiative.ca\/International\/wp-json\/wp\/v2\/tags?post=113193"}],"curies":[{"name":"wp","href":"https:\/\/api.w.org\/{rel}","templated":true}]}}