{"id":113194,"date":"2021-03-16T10:54:43","date_gmt":"2021-03-16T14:54:43","guid":{"rendered":"https:\/\/linitiative.ca\/International\/coronavirus-un-nouveau-variant-decouvert-en-france\/"},"modified":"2021-03-16T10:54:43","modified_gmt":"2021-03-16T14:54:43","slug":"coronavirus-un-nouveau-variant-decouvert-en-france","status":"publish","type":"post","link":"https:\/\/linitiative.ca\/International\/coronavirus-un-nouveau-variant-decouvert-en-france\/","title":{"rendered":"Coronavirus : un nouveau variant d\u00e9couvert en France"},"content":{"rendered":"<p><strong>Une nouvelle souche du coronavirus vient d\u2019\u00eatre d\u00e9couverte en France. La Direction g\u00e9n\u00e9rale de la sant\u00e9 (DGS) a, en effet, annonc\u00e9 le 15 mars qu\u2019un nouveau variant du\u00a0coronavirus Sars-CoV-2 a \u00e9t\u00e9 d\u00e9tect\u00e9 en Bretagne. Les d\u00e9tails.<\/strong><\/p>\n<div class=\"c10\">\n<\/div>\n<p>On apprend que les autorit\u00e9s sanitaires ignorent pour le\u00a0moment s\u2019il s\u2019agit d\u2019un nouveau variant plus dangereux ou pouvant se transmettre plus facilement. La DGS a ainsi indiqu\u00e9 que des\u00a0investigations sont en cours pour en savoir plus, et qu\u2019en attendant, ce variant a \u00e9t\u00e9 class\u00e9 dans la cat\u00e9gorie \u00ab\u00a0\u00e0 suivre\u00a0\u00bb.<\/p>\n<p><strong>Lire aussi| <a href=\"https:\/\/www.challenge.ma\/coronavirus-le-maroc-suspend-ses-liaisons-aeriennes-avec-dautres-pays-178284\/\" target=\"_blank\" rel=\"noreferrer noopener\">Coronavirus : le Maroc suspend ses liaisons a\u00e9riennes avec d\u2019autres pays<\/a><\/strong><\/p>\n<p>\u00ab\u00a0Cette cat\u00e9gorie regroupe la plupart des milliers de variants qui apparaissent naturellement dans le monde, et dont seule une petite proportion posera finalement des probl\u00e8mes particuliers de sant\u00e9 publique, par exemple s\u2019ils s\u2019av\u00e8rent plus transmissibles\u00a0\u00bb, explique-t-on. \u00ab\u00a0Les autorit\u00e9s sanitaires ont tout d\u2019abord d\u00e9tect\u00e9 en Bretagne plusieurs cas de malades pr\u00e9sentant les sympt\u00f4mes du Covid, \u00ab\u00a0rattach\u00e9s \u00e0 un cluster\u00a0\u00bb, mais dont les tests PCR \u00e9taient n\u00e9gatifs.\u00a0Il s\u2019agit d\u2019un cluster au centre hospitalier de Lannion (C\u00f4tes-d\u2019Armor). Le 13\u00a0mars,\u00a079\u00a0cas y ont \u00e9t\u00e9 identifi\u00e9s, dont\u00a08\u00a0cas porteurs du variant, confirm\u00e9 par s\u00e9quen\u00e7age\u00a0\u00bb, apprend-t-on, en effet.<\/p>\n<p><strong>Lire aussi|<a href=\"https:\/\/www.challenge.ma\/reforme-de-la-protection-sociale-la-loi-cadre-adoptee-au-parlement-178276\/\" target=\"_blank\" rel=\"noreferrer noopener\">R\u00e9forme de la protection sociale: la loi-cadre adopt\u00e9e au parlement<\/a><\/strong><\/p>\n<p>La DGS souligne aussi que des analyses r\u00e9alis\u00e9es par l\u2019Institut Pasteur ont mis\u00a0en \u00e9vidence un nouveau variant porteur de neuf mutations dans la r\u00e9gion codant pour la prot\u00e9ine S, mais \u00e9galement dans d\u2019autres r\u00e9gions virales.<\/p>\n<p>Auteur: challenge<br \/>\n<a href=\"https:\/\/www.challenge.ma\/coronavirus-un-nouveau-variant-decouvert-en-france-178304\/\">Cliquez ici pour lire l&rsquo;article depuis sa source.<\/a><\/p>\n","protected":false},"excerpt":{"rendered":"<p>Une nouvelle souche du coronavirus vient d\u2019\u00eatre d\u00e9couverte en France. La Direction g\u00e9n\u00e9rale de la sant\u00e9 (DGS) a, en effet, annonc\u00e9 le 15 mars qu\u2019un nouveau variant du\u00a0coronavirus Sars-CoV-2 a \u00e9t\u00e9 d\u00e9tect\u00e9 en Bretagne. Les d\u00e9tails. On apprend que les autorit\u00e9s sanitaires ignorent pour le\u00a0moment s\u2019il s\u2019agit d\u2019un nouveau variant plus dangereux ou pouvant se [&hellip;]<\/p>\n","protected":false},"author":1787,"featured_media":0,"comment_status":"closed","ping_status":"closed","sticky":false,"template":"","format":"standard","meta":{"fifu_image_url":"","fifu_image_alt":"","footnotes":""},"categories":[78,54],"tags":[],"class_list":["post-113194","post","type-post","status-publish","format-standard","hentry","category-economie","category-maroc"],"_links":{"self":[{"href":"https:\/\/linitiative.ca\/International\/wp-json\/wp\/v2\/posts\/113194","targetHints":{"allow":["GET"]}}],"collection":[{"href":"https:\/\/linitiative.ca\/International\/wp-json\/wp\/v2\/posts"}],"about":[{"href":"https:\/\/linitiative.ca\/International\/wp-json\/wp\/v2\/types\/post"}],"author":[{"embeddable":true,"href":"https:\/\/linitiative.ca\/International\/wp-json\/wp\/v2\/users\/1787"}],"replies":[{"embeddable":true,"href":"https:\/\/linitiative.ca\/International\/wp-json\/wp\/v2\/comments?post=113194"}],"version-history":[{"count":0,"href":"https:\/\/linitiative.ca\/International\/wp-json\/wp\/v2\/posts\/113194\/revisions"}],"wp:attachment":[{"href":"https:\/\/linitiative.ca\/International\/wp-json\/wp\/v2\/media?parent=113194"}],"wp:term":[{"taxonomy":"category","embeddable":true,"href":"https:\/\/linitiative.ca\/International\/wp-json\/wp\/v2\/categories?post=113194"},{"taxonomy":"post_tag","embeddable":true,"href":"https:\/\/linitiative.ca\/International\/wp-json\/wp\/v2\/tags?post=113194"}],"curies":[{"name":"wp","href":"https:\/\/api.w.org\/{rel}","templated":true}]}}