{"id":113195,"date":"2021-03-16T13:01:27","date_gmt":"2021-03-16T17:01:27","guid":{"rendered":"https:\/\/linitiative.ca\/International\/marina-shopping-celebre-le-8-mars-en-compagnie-d-une-femme-nommee-rachid-video\/"},"modified":"2021-03-16T13:01:27","modified_gmt":"2021-03-16T17:01:27","slug":"marina-shopping-celebre-le-8-mars-en-compagnie-d-une-femme-nommee-rachid-video","status":"publish","type":"post","link":"https:\/\/linitiative.ca\/International\/marina-shopping-celebre-le-8-mars-en-compagnie-d-une-femme-nommee-rachid-video\/","title":{"rendered":"Marina Shopping c\u00e9l\u00e8bre le 8 mars en compagnie d\u2019 \u00ab Une femme nomm\u00e9e Rachid \u00bb [Vid\u00e9o]"},"content":{"rendered":"<p><strong>Le centre commercial casablancais a organis\u00e9 jeudi 11 mars 2021 un caf\u00e9 litt\u00e9raire qui fait partie des activit\u00e9s de c\u00e9l\u00e9bration de la journ\u00e9e international des droits des femmes. \u00a0<\/strong><\/p>\n<div class=\"c10\">\n<\/div>\n<p>Ce caf\u00e9 litt\u00e9raire a \u00e9t\u00e9 anim\u00e9 par Fatna El Bouih, enseignante dans le secondaire. Elle y a pr\u00e9sent\u00e9 son livre t\u00e9moignage, \u00ab\u00a0Une femme nomm\u00e9e Rachid\u00a0\u00bb, o\u00f9 elle \u00e9voque les souvenirs amers de son enl\u00e8vement, sa torture et son emprisonnement de 1974 \u00e0 1982. La version en arabe de ce livre a \u00e9t\u00e9 publi\u00e9e aux \u00c9ditions Le Fennec en mai 2001, sous le titre \u00ab Hadit al atama \u00bb (paroles de l\u2019obscurit\u00e9). Il est le premier ouvrage de Fatna El Bouih et surtout le premier t\u00e9moignage d\u2019une femme d\u00e9tenue politique marocaine.<\/p>\n<p><strong>Lire aussi | <a rel=\"noreferrer noopener\" href=\"https:\/\/www.challenge.ma\/reforme-de-la-protection-sociale-la-loi-cadre-adoptee-au-parlement-178276\/\" target=\"_blank\">R\u00e9forme de la protection sociale : la loi-cadre adopt\u00e9e au parlement<\/a><\/strong><\/p>\n<p>\u00ab\u00a0Ce livre relate une exp\u00e9rience v\u00e9cue dans les ann\u00e9es 1970. Durant cette p\u00e9riode, une minorit\u00e9 de femmes qui ont milit\u00e9 pour la question des droits humains ont fait face \u00e0 une exp\u00e9rience qui n\u2019est pas facile \u00e0 vivre et ont d\u00e9montr\u00e9 un courage extraordinaire. Ce livre constitue l\u2019unique trace sur ce qu\u2019ont v\u00e9cu ces femmes\u00a0\u00bb, explique Fatna El Bouih.<\/p>\n<p><strong>Lire aussi | <a href=\"https:\/\/www.challenge.ma\/coronavirus-le-maroc-suspend-ses-liaisons-aeriennes-avec-dautres-pays-178284\/\" target=\"_blank\" rel=\"noreferrer noopener\">Coronavirus : le Maroc suspend ses liaisons a\u00e9riennes avec d\u2019autres pays<\/a><\/strong><\/p>\n<figure class=\"wp-block-image size-large\"><img decoding=\"async\" loading=\"lazy\" width=\"1024\" height=\"576\" src=\"https:\/\/www.challenge.ma\/wp-content\/uploads\/2021\/03\/Marina-Shopping-1478-1024x576.jpeg\" alt=\"\" class=\"wp-image-178317\" srcset=\"https:\/\/www.challenge.ma\/wp-content\/uploads\/2021\/03\/Marina-Shopping-1478-1024x576.jpeg 1024w, https:\/\/www.challenge.ma\/wp-content\/uploads\/2021\/03\/Marina-Shopping-1478-300x169.jpeg 300w, https:\/\/www.challenge.ma\/wp-content\/uploads\/2021\/03\/Marina-Shopping-1478-768x432.jpeg 768w, https:\/\/www.challenge.ma\/wp-content\/uploads\/2021\/03\/Marina-Shopping-1478-360x203.jpeg 360w, https:\/\/www.challenge.ma\/wp-content\/uploads\/2021\/03\/Marina-Shopping-1478-750x422.jpeg 750w, https:\/\/www.challenge.ma\/wp-content\/uploads\/2021\/03\/Marina-Shopping-1478.jpeg 1280w\" sizes=\"auto, (max-width: 1024px) 100vw, 1024px\"\/><\/figure>\n<p>\u00c0 noter que Marina Shopping organise \u00e0 l\u2019occasion du 8 mars plusieurs activit\u00e9s socio-culturelles pour mettre en avant les r\u00e9alisations f\u00e9minines au profit du citoyen marocain : expositions rendant hommage \u00e0 plusieurs femmes qui ont marqu\u00e9 l\u2019Histoire du Maroc, caf\u00e9s litt\u00e9raires, s\u00e9ances de coachings sur le d\u00e9veloppement personnel\u2026<\/p>\n<p><iframe loading=\"lazy\" width=\"1583\" height=\"617\" src=\"https:\/\/www.youtube.com\/embed\/_IjuvGh1pbA\" frameborder=\"0\" allow=\"accelerometer; autoplay; clipboard-write; encrypted-media; gyroscope; picture-in-picture\" allowfullscreen=\"allowfullscreen\">[embedded content]<\/iframe><\/p>\n<p>Auteur: challenge<br \/>\n<a href=\"https:\/\/www.challenge.ma\/marina-shopping-celebre-le-8-mars-en-compagnie-d-une-femme-nommee-rachid-video-178313\/\">Cliquez ici pour lire l&rsquo;article depuis sa source.<\/a><\/p>\n","protected":false},"excerpt":{"rendered":"<p>Le centre commercial casablancais a organis\u00e9 jeudi 11 mars 2021 un caf\u00e9 litt\u00e9raire qui fait partie des activit\u00e9s de c\u00e9l\u00e9bration de la journ\u00e9e international des droits des femmes. \u00a0 Ce caf\u00e9 litt\u00e9raire a \u00e9t\u00e9 anim\u00e9 par Fatna El Bouih, enseignante dans le secondaire. Elle y a pr\u00e9sent\u00e9 son livre t\u00e9moignage, \u00ab\u00a0Une femme nomm\u00e9e Rachid\u00a0\u00bb, o\u00f9 [&hellip;]<\/p>\n","protected":false},"author":1787,"featured_media":0,"comment_status":"closed","ping_status":"closed","sticky":false,"template":"","format":"standard","meta":{"fifu_image_url":"https:\/\/www.challenge.ma\/wp-content\/uploads\/2021\/03\/Marina-Shopping-1478-1024x576.jpeg","fifu_image_alt":"Marina Shopping c\u00e9l\u00e8bre le 8 mars en compagnie d\u2019 \u00ab Une femme nomm\u00e9e Rachid \u00bb [Vid\u00e9o]","footnotes":""},"categories":[78,54],"tags":[],"class_list":["post-113195","post","type-post","status-publish","format-standard","hentry","category-economie","category-maroc"],"_links":{"self":[{"href":"https:\/\/linitiative.ca\/International\/wp-json\/wp\/v2\/posts\/113195","targetHints":{"allow":["GET"]}}],"collection":[{"href":"https:\/\/linitiative.ca\/International\/wp-json\/wp\/v2\/posts"}],"about":[{"href":"https:\/\/linitiative.ca\/International\/wp-json\/wp\/v2\/types\/post"}],"author":[{"embeddable":true,"href":"https:\/\/linitiative.ca\/International\/wp-json\/wp\/v2\/users\/1787"}],"replies":[{"embeddable":true,"href":"https:\/\/linitiative.ca\/International\/wp-json\/wp\/v2\/comments?post=113195"}],"version-history":[{"count":0,"href":"https:\/\/linitiative.ca\/International\/wp-json\/wp\/v2\/posts\/113195\/revisions"}],"wp:attachment":[{"href":"https:\/\/linitiative.ca\/International\/wp-json\/wp\/v2\/media?parent=113195"}],"wp:term":[{"taxonomy":"category","embeddable":true,"href":"https:\/\/linitiative.ca\/International\/wp-json\/wp\/v2\/categories?post=113195"},{"taxonomy":"post_tag","embeddable":true,"href":"https:\/\/linitiative.ca\/International\/wp-json\/wp\/v2\/tags?post=113195"}],"curies":[{"name":"wp","href":"https:\/\/api.w.org\/{rel}","templated":true}]}}