{"id":113202,"date":"2021-03-16T15:01:50","date_gmt":"2021-03-16T19:01:50","guid":{"rendered":"https:\/\/linitiative.ca\/International\/annulation-de-poursuites-judiciaires-contre-sanogo-au-mali\/"},"modified":"2021-03-16T15:01:50","modified_gmt":"2021-03-16T19:01:50","slug":"annulation-de-poursuites-judiciaires-contre-sanogo-au-mali","status":"publish","type":"post","link":"https:\/\/linitiative.ca\/International\/annulation-de-poursuites-judiciaires-contre-sanogo-au-mali\/","title":{"rendered":"ANNULATION DE POURSUITES JUDICIAIRES CONTRE SANOGO AU MALI"},"content":{"rendered":"<div class=\"featured-area featured-area-inner\">\n<figure class=\"single-featured-image\"><img decoding=\"async\" width=\"592\" height=\"296\" src=\"https:\/\/lepays.bf\/wp-content\/uploads\/2021\/03\/SANOGO-1.jpg\" class=\"attachment-jannah-image-post size-jannah-image-post wp-post-image\" alt=\"\" loading=\"lazy\" srcset=\"https:\/\/lepays.bf\/wp-content\/uploads\/2021\/03\/SANOGO-1.jpg 592w, https:\/\/lepays.bf\/wp-content\/uploads\/2021\/03\/SANOGO-1-300x150.jpg 300w\" sizes=\"auto, (max-width: 592px) 100vw, 592px\"\/><\/figure>\n<\/div>\n<div class=\"entry-content entry clearfix\" readability=\"64\">\n<p class=\"c4\"><em>On voyait venir les choses. En effet, l\u2019ex-putschiste malien Amadou Haya Sanogo et ses 12 co-accus\u00e9s poursuivis pour l\u2019assassinat de 21 b\u00e9rets rouges suite au coup d\u2019Etat contre le g\u00e9n\u00e9ral Amadou Toumani Tour\u00e9 (ATT), ne seront pas jug\u00e9s. Ainsi en a d\u00e9cid\u00e9 la Cour d\u2019assises de Bamako qui s\u2019appuie sur une \u00ab\u00a0loi d\u2019entente nationale qui exon\u00e8re tous ceux qui ont commis de graves crimes en 2012, hormis ceux qui ont commis des crimes relevant de la Cour p\u00e9nale internationale (CPI)\u00a0\u00bb. La d\u00e9fense de Sanogo et compagnie n\u2019avait d\u2019ailleurs de cesse d\u2019invoquer cette loi prise \u00e0 l\u2019issue de la Conf\u00e9rence d\u2019entente nationale organis\u00e9e sous le d\u00e9funt r\u00e9gime de Ibrahim Boubacar K\u00e9\u00efta (IBK) en 2018.\u00a0<\/em> <em>Ainsi donc, Haya Sanogo est d\u00e9sormais totalement libre de ses mouvements. Les poursuites judiciaires \u00e0 son encontre, \u00e9tant abandonn\u00e9es ou annul\u00e9es, l\u2019ex-putschiste n\u2019a pas manqu\u00e9 d\u2019esquisser un sourire comme s\u2019il avait choisi de se moquer de ses victimes et de leurs proches. Pouvait-il d\u2019ailleurs en \u00eatre autrement quand on sait que depuis l\u2019ouverture du proc\u00e8s de Sanogo et ses co-accus\u00e9s en 2016, beaucoup d\u2019eau a coul\u00e9 sous les ponts\u00a0? En t\u00e9moigne cet accord d\u2019indemnisation n\u00e9goci\u00e9 en 2020 entre les mis en cause et la partie civile, qui est en cours d\u2019application \u00ab\u00a0au grand bonheur des victimes\u00a0\u00bb. Et ce n\u2019est pas tout. Car, au-del\u00e0 du paiement d\u2019un montant indemnitaire, certains parents de victimes ont vu l\u2019int\u00e9gration des leurs dans la Fonction publique. On oublie volontiers que la plupart des familles des victimes ont acquis des logements\u00a0; le tout sur fond de promesse ferme du gouvernement d\u2019organiser des fun\u00e9railles nationales \u00e0 la m\u00e9moire des disparus. Tant et si bien que les parents des victimes, pour ainsi dire, n\u2019avaient plus le c\u0153ur au proc\u00e8s puisqu\u2019ils ne participaient m\u00eame plus aux audiences.<\/em><\/p>\n<p class=\"c4\"><em>\u00a0<\/em><\/p>\n<p class=\"c6\"><strong><em>Il faut craindre que le cas Sanogo ne constitue un pr\u00e9c\u00e9dent dangereux dans l\u2019histoire du Mali<\/em><\/strong><\/p>\n<p class=\"c4\"><em>\u00a0<\/em><\/p>\n<p class=\"c4\"><em>En tout cas, c\u2019est tant mieux si ces arrangements hors pr\u00e9toire peuvent permettre au pays d\u2019aller de l\u2019avant dans le sens de la r\u00e9conciliation nationale que tout le monde appelle de ses v\u0153ux. Certes, d\u2019aucuns accusent les autorit\u00e9s de la Transition d\u2019avoir tir\u00e9 d\u2019affaires l\u2019ex-chef de la junte.\u00a0 Celles-ci s\u2019en d\u00e9fendent au motif que la loi d\u2019entente nationale a \u00e9t\u00e9 prise avant leur arriv\u00e9e au pouvoir. Mais que peut concr\u00e8tement attendre de plus un parent de victime confront\u00e9 aux dures r\u00e9alit\u00e9s quotidiennes et dont rien ne ram\u00e8nera \u00e0 la vie le sien disparu\u00a0?\u00a0 Cela dit, il faut craindre que le cas Sanogo ne constitue un pr\u00e9c\u00e9dent dangereux dans l\u2019histoire du Mali. \u00a0Car\u00a0\u00a0 tout se passe comme si, finalement, on passait par pertes et profit la mort des 21 b\u00e9rets rouges. Qui les a tu\u00e9s\u00a0? Pourquoi ont-ils \u00e9t\u00e9 trucid\u00e9s\u00a0? Dans quelles circonstances\u00a0? Autant de questions qui m\u00e9ritaient pourtant des r\u00e9ponses. C\u2019est pourquoi d\u2019aucuns estiment\u00a0 qu\u2019au regard de la gravit\u00e9 des faits, il aurait fallu condamner l\u2019ex-putschiste et ses co-accus\u00e9s, ne serait-ce que symboliquement pour que cela serve de le\u00e7on \u00e0 d\u2019\u00e9ventuels apprentis sorciers tapis dans l\u2019ombre, qui se croiraient tout permis, une fois parvenus au pouvoir par la force des armes. Mais telle que les choses se sont pass\u00e9es, on a l\u2019impression que la Justice a \u00e9t\u00e9 sacrifi\u00e9e sur l\u2019autel de l\u2019impunit\u00e9. Toute chose qui peut \u00eatre per\u00e7ue comme un encouragement \u00e0 tous ces pr\u00e9dateurs de la d\u00e9mocratie et des r\u00e8gles de l\u2019Etat de droit. Surtout qu\u2019il s\u2019agit l\u00e0 de crimes de sang sur des soldats froidement abattus et jet\u00e9s dans des charniers au moment o\u00f9 le Mali a suffisamment fait la preuve qu\u2019il est loin d\u2019avoir d\u00e9finitivement tourn\u00e9 la page des coups d\u2019Etat.<\/em><\/p>\n<p class=\"c4\"><em>\u00a0<\/em><\/p>\n<p class=\"c6\"><strong><em>B.O<\/em><\/strong><\/p>\n<\/div>\n<p>Auteur: Editions LEPAYS<br \/>\n<a href=\"https:\/\/lepays.bf\/annulation-de-poursuites-judiciaires-contre-sanogo-au-mali-2\/\">Cliquez ici pour lire l&rsquo;article depuis sa source.<\/a><\/p>\n","protected":false},"excerpt":{"rendered":"<p>On voyait venir les choses. En effet, l\u2019ex-putschiste malien Amadou Haya Sanogo et ses 12 co-accus\u00e9s poursuivis pour l\u2019assassinat de 21 b\u00e9rets rouges suite au coup d\u2019Etat contre le g\u00e9n\u00e9ral Amadou Toumani Tour\u00e9 (ATT), ne seront pas jug\u00e9s. Ainsi en a d\u00e9cid\u00e9 la Cour d\u2019assises de Bamako qui s\u2019appuie sur une \u00ab\u00a0loi d\u2019entente nationale qui [&hellip;]<\/p>\n","protected":false},"author":1813,"featured_media":0,"comment_status":"closed","ping_status":"closed","sticky":false,"template":"","format":"standard","meta":{"fifu_image_url":"https:\/\/lepays.bf\/wp-content\/uploads\/2021\/03\/SANOGO-1.jpg","fifu_image_alt":"ANNULATION DE POURSUITES JUDICIAIRES CONTRE SANOGO AU MALI","footnotes":""},"categories":[73,81],"tags":[],"class_list":["post-113202","post","type-post","status-publish","format-standard","hentry","category-actualite","category-burkina-faso"],"_links":{"self":[{"href":"https:\/\/linitiative.ca\/International\/wp-json\/wp\/v2\/posts\/113202","targetHints":{"allow":["GET"]}}],"collection":[{"href":"https:\/\/linitiative.ca\/International\/wp-json\/wp\/v2\/posts"}],"about":[{"href":"https:\/\/linitiative.ca\/International\/wp-json\/wp\/v2\/types\/post"}],"author":[{"embeddable":true,"href":"https:\/\/linitiative.ca\/International\/wp-json\/wp\/v2\/users\/1813"}],"replies":[{"embeddable":true,"href":"https:\/\/linitiative.ca\/International\/wp-json\/wp\/v2\/comments?post=113202"}],"version-history":[{"count":0,"href":"https:\/\/linitiative.ca\/International\/wp-json\/wp\/v2\/posts\/113202\/revisions"}],"wp:attachment":[{"href":"https:\/\/linitiative.ca\/International\/wp-json\/wp\/v2\/media?parent=113202"}],"wp:term":[{"taxonomy":"category","embeddable":true,"href":"https:\/\/linitiative.ca\/International\/wp-json\/wp\/v2\/categories?post=113202"},{"taxonomy":"post_tag","embeddable":true,"href":"https:\/\/linitiative.ca\/International\/wp-json\/wp\/v2\/tags?post=113202"}],"curies":[{"name":"wp","href":"https:\/\/api.w.org\/{rel}","templated":true}]}}