{"id":113203,"date":"2021-03-16T15:06:31","date_gmt":"2021-03-16T19:06:31","guid":{"rendered":"https:\/\/linitiative.ca\/International\/attaque-terroriste-meurtriere-a-tillaberi\/"},"modified":"2021-03-16T15:06:31","modified_gmt":"2021-03-16T19:06:31","slug":"attaque-terroriste-meurtriere-a-tillaberi","status":"publish","type":"post","link":"https:\/\/linitiative.ca\/International\/attaque-terroriste-meurtriere-a-tillaberi\/","title":{"rendered":"ATTAQUE TERRORISTE MEURTRIERE A TILLABERI"},"content":{"rendered":"<p class=\"c4\"><em>On le sait, le Niger, dans son ensemble, est dans le viseur des groupes terroristes depuis la chute de Mouammar Kadhafi en 2011. Mais la col\u00e8re des fous de Dieu semble s\u2019abattre sur une r\u00e9gion du pays en particulier.<\/em> <em>Vous l\u2019avez compris. Il s\u2019agit de la r\u00e9gion de Tillab\u00e9ri. En effet, rien que le lundi 15 mars dernier, une trentaine de villageois y ont \u00e9t\u00e9 massacr\u00e9s par des terroristes alors qu\u2019ils revenaient d\u2019un march\u00e9. Et ce massacre intervient apr\u00e8s bien d\u2019autres dans la m\u00eame r\u00e9gion. Le 2 janvier dernier, par exemple, deux attaques meurtri\u00e8res y ont entra\u00een\u00e9 la mort\u00a0 d\u2019une centaine de personnes. Notons que ce massacre s\u2019est op\u00e9r\u00e9 au m\u00eame moment que la proclamation des r\u00e9sultats du 1<sup>er<\/sup> tour de l\u2019\u00e9lection pr\u00e9sidentielle du 27 d\u00e9cembre. Le 21 d\u00e9cembre, \u00e0 six jours de la pr\u00e9sidentielle,\u00a0 7 soldats y \u00a0avaient \u00e9t\u00e9 tu\u00e9s. L\u2019on\u00a0 se rappelle enfin que c\u2019est dans cette r\u00e9gion que l\u2019arm\u00e9e nig\u00e9rienne avait subi ses plus lourdes pertes avec 89 soldats tu\u00e9s. C\u2019\u00e9tait en d\u00e9but d\u2019ann\u00e9e 2020. Bref, la\u00a0 liste macabre est longue si fait que l\u2019on peut l\u00e9gitimement se poser la question de savoir si le Niger n\u2019est pas en train de perdre la\u00a0 r\u00e9gion de Tillab\u00e9ri. En tout cas, cette r\u00e9gion m\u00e9rite un traitement de choc de la part du nouveau pr\u00e9sident \u00e9lu, c\u2019est-\u00e0-dire Mohamed Bazoum. Car, l\u2019on peut avoir l\u2019impression que les attaques dans\u00a0 cette r\u00e9gion se distinguent des autres par non seulement leur caract\u00e8re os\u00e9, mais aussi par le nombre massif de victimes. L\u2019attaque de ce lundi a fait une trentaine de morts\u00a0; tous sont d\u2019innocents villageois qui se d\u00e9pla\u00e7aient \u00e0 bord d\u2019un camion. Et elle a eu lieu alors que le Niger est en train de vivre pratiquement les derniers instants de l\u2019\u00e8re Mahamadou Issoufou avant d\u2019entamer celle Bazoum. C\u2019est donc un Niger en transition, peut-on dire, qui vient d\u2019enregistrer l\u2019une des attaques les plus meurtri\u00e8res depuis la victoire de Mohamed Bazoum.<\/em><\/p>\n<p class=\"c4\"><em>\u00a0<\/em><\/p>\n<p class=\"c6\"><strong><em>Au-del\u00e0 de Tillab\u00e9ri,\u00a0 c\u2019est toute la r\u00e9gion du triangle de la mort qui m\u00e9rite d\u2019\u00eatre trait\u00e9e au vitriol<\/em><\/strong><\/p>\n<p class=\"c4\"><em>\u00a0<\/em><\/p>\n<p class=\"c4\"><em>Ce dernier sait mieux que quiconque que Tillab\u00e9ri rime avec attaques terroristes meurtri\u00e8res et r\u00e9currentes pour avoir \u00e9t\u00e9 dans un pass\u00e9 r\u00e9cent, l\u2019un des patrons de l\u2019appareil s\u00e9curitaire du pays. D\u2019ailleurs, pendant la campagne, il a promis \u00e0 ses compatriotes, s\u2019il est \u00e9lu, d\u2019am\u00e9liorer la situation s\u00e9curitaire du pays. Maintenant que c\u2019est chose faite, on attend de lui qu\u2019il traduise sa promesse en actes. Au-del\u00e0 de Tillab\u00e9ri qui passe pour \u00eatre le ventre mou de la lutte contre le terrorisme au Sahel, c\u2019est toute la r\u00e9gion du triangle de la mort qui m\u00e9rite d\u2019\u00eatre trait\u00e9e au vitriol pour autant que l\u2019on veuille v\u00e9ritablement bouter les terroristes hors du Sahel africain. Et ce qui vient de se passer au Mali entre djihadistes\u00a0 et chasseurs dozos, ne permet pas d\u2019\u00eatre optimiste. En effet, une rencontre a eu lieu dimanche dernier, pr\u00e8s de Niono. D\u2019un c\u00f4t\u00e9, une centaine de chasseurs traditionnels dozos, de l\u2019autre des djihadistes de la Katiba Macina. Les terroristes sont repartis de cette rencontre avec l\u2019autorisation d\u2019entrer dans les villages pour pr\u00eacher.<\/em> <em>Ces genres de compromis ne sont pas loin de la compromission. En tout cas, ce n\u2019est pas de cette mani\u00e8re que l\u2019on peut desserrer v\u00e9ritablement l\u2019\u00e9tau des djihadistes autour du Sahel africain. C\u2019est pourquoi il convient que tous les pays de cet espace meurtri, s\u2019accordent sur la mani\u00e8re dont la probl\u00e9matique terroriste doit \u00eatre trait\u00e9e. Et cela sonne comme un imp\u00e9ratif absolu au moment o\u00f9, de plus en plus, l\u2019on parle de n\u00e9gociations avec les groupes terroristes aussi bien \u00e0 Bamako qu\u2019\u00e0 Ouagadougou. En tout cas, la question m\u00e9rite une r\u00e9ponse claire de la part des dirigeants des trois pays concern\u00e9s. Et s\u2019il y a une personnalit\u00e9 qui attend au plus vite cette r\u00e9ponse, c\u2019est, sans conteste, le nouveau patron de la Minusma, le Mauritanien El Ghassim Wane.<\/em><\/p>\n<p class=\"c4\"><em>\u00a0<\/em><\/p>\n<p class=\"c6\"><em><strong>Pousdem PICKOU<\/strong><\/em><\/p>\n<p><strong>\u00a0<\/strong><\/p>\n<p><strong>\u00a0<\/strong><\/p>\n<p>Auteur: Editions LEPAYS<br \/>\n<a href=\"https:\/\/lepays.bf\/attaque-terroriste-meurtriere-a-tillaberi\/\">Cliquez ici pour lire l&rsquo;article depuis sa source.<\/a><\/p>\n","protected":false},"excerpt":{"rendered":"<p>On le sait, le Niger, dans son ensemble, est dans le viseur des groupes terroristes depuis la chute de Mouammar Kadhafi en 2011. Mais la col\u00e8re des fous de Dieu semble s\u2019abattre sur une r\u00e9gion du pays en particulier. Vous l\u2019avez compris. Il s\u2019agit de la r\u00e9gion de Tillab\u00e9ri. En effet, rien que le lundi [&hellip;]<\/p>\n","protected":false},"author":1813,"featured_media":0,"comment_status":"closed","ping_status":"closed","sticky":false,"template":"","format":"standard","meta":{"fifu_image_url":"","fifu_image_alt":"","footnotes":""},"categories":[73,81],"tags":[],"class_list":["post-113203","post","type-post","status-publish","format-standard","hentry","category-actualite","category-burkina-faso"],"_links":{"self":[{"href":"https:\/\/linitiative.ca\/International\/wp-json\/wp\/v2\/posts\/113203","targetHints":{"allow":["GET"]}}],"collection":[{"href":"https:\/\/linitiative.ca\/International\/wp-json\/wp\/v2\/posts"}],"about":[{"href":"https:\/\/linitiative.ca\/International\/wp-json\/wp\/v2\/types\/post"}],"author":[{"embeddable":true,"href":"https:\/\/linitiative.ca\/International\/wp-json\/wp\/v2\/users\/1813"}],"replies":[{"embeddable":true,"href":"https:\/\/linitiative.ca\/International\/wp-json\/wp\/v2\/comments?post=113203"}],"version-history":[{"count":0,"href":"https:\/\/linitiative.ca\/International\/wp-json\/wp\/v2\/posts\/113203\/revisions"}],"wp:attachment":[{"href":"https:\/\/linitiative.ca\/International\/wp-json\/wp\/v2\/media?parent=113203"}],"wp:term":[{"taxonomy":"category","embeddable":true,"href":"https:\/\/linitiative.ca\/International\/wp-json\/wp\/v2\/categories?post=113203"},{"taxonomy":"post_tag","embeddable":true,"href":"https:\/\/linitiative.ca\/International\/wp-json\/wp\/v2\/tags?post=113203"}],"curies":[{"name":"wp","href":"https:\/\/api.w.org\/{rel}","templated":true}]}}