{"id":113209,"date":"2021-03-16T09:07:14","date_gmt":"2021-03-16T13:07:14","guid":{"rendered":"https:\/\/linitiative.ca\/International\/explosion-de-bata-paul-biya-depeche-une-mission-dassistance-humanitaire-en-guinee-equatoriale\/"},"modified":"2021-03-16T09:07:14","modified_gmt":"2021-03-16T13:07:14","slug":"explosion-de-bata-paul-biya-depeche-une-mission-dassistance-humanitaire-en-guinee-equatoriale","status":"publish","type":"post","link":"https:\/\/linitiative.ca\/International\/explosion-de-bata-paul-biya-depeche-une-mission-dassistance-humanitaire-en-guinee-equatoriale\/","title":{"rendered":"Explosion de Bata : Paul Biya d\u00e9p\u00eache une mission d\u2019assistance humanitaire en Guin\u00e9e-Equatoriale"},"content":{"rendered":"<p>Le pr\u00e9sident de la R\u00e9publique Paul Biya a d\u00e9p\u00each\u00e9 le 15 mars 2021, une mission d\u2019assistance humanitaire en Guin\u00e9e-Equatoriale. Ceci fait suite \u00e0 la catastrophe ayant frapp\u00e9 le pays en date du 7 mars 2021\u00a0\u00e0 Bata, la capitale \u00e9conomique du pays, qui a fait plus d\u2019une centaine de morts et pr\u00e8s de 600 bless\u00e9s.\u00a0Selon le communiqu\u00e9 sign\u00e9 \u00e0 cet effet par le secr\u00e9taire g\u00e9n\u00e9ral de la pr\u00e9sidence de la R\u00e9publique, Ferdinand Ngoh Ngoh, dont nous avons eu copie l\u2019on peut-lire\u00a0: \u00ab\u00a0conduite par M. Joseph Beti Assomo, ministre d\u00e9l\u00e9gu\u00e9 \u00e0 la Pr\u00e9sidence charg\u00e9 de la D\u00e9fense et Paul Atanga Nji, ministre de l\u2019Administration territoriale, ladite mission humanitaire compos\u00e9e d\u2019une soixantaine de personnels de la Sant\u00e9 Militaire, du Corps National des sapeurs-pompiers et du G\u00e9nie militaire, est porteuse d\u2019une importante cargaison de m\u00e9dicaments, de denr\u00e9es alimentaires et de fournitures diverses\u00a0\u00bb. Indiquons que la mission est arriv\u00e9e \u00e0 destination cet apr\u00e8s-midi du 16 mars.<\/p>\n<p><strong>Lire aussi<\/strong> : <a href=\"https:\/\/ecomatin.net\/zone-cemac-vers-un-label-made-in-central-africa\/\">Zone Cemac : Un label \u00ab Made in Central Africa \u00bb en gestion<\/a><\/p>\n<p>L\u2019appui du Cameroun bien que n\u2019\u00e9tant pas encore chiffr\u00e9 vient rejoindre ainsi plusieurs autres donations, notamment celle du Gabon \u00e0 hauteur de 500 millions de Fcfa, celle de\u00a0l\u2019Espagne\u00a0et la France par\u00a0le\u00a0biais\u00a0\u00a0du m\u00e9canisme de protection civile de l\u2019Union Europ\u00e9enne. Celle-ci \u00e9tait constitu\u00e9e d\u2019une \u00e9quipe m\u00e9dicale espagnole sp\u00e9cialis\u00e9e en traumatologie et chirurgie, ainsi que de mat\u00e9riels m\u00e9dical et de m\u00e9dicaments, et d\u2019un poste m\u00e9dical fran\u00e7ais avec une capacit\u00e9 de traitement de 250 bless\u00e9s graves, des fournitures et kits m\u00e9dicaux d\u2019urgence, des \u00e9quipements de protection individuelle et des tentes \u00e9quip\u00e9es de kits de cuisine.<\/p>\n<p><strong>Relation bilat\u00e9rale<\/strong><\/p>\n<p>L\u2019appui du Cameroun, de m\u00eame que celui du Gabon n\u2019est en rien une surprise, il conforte ainsi les bonnes relations qui existent entre les pays de la sous-r\u00e9gion et que les chefs d\u2019Etats veillent \u00e0 consolider au quotidien. Sur le plan commercial, les relations entre le Cameroun et la Guin\u00e9e-Equatoriale sont existantes depuis longtemps bien que tr\u00e8s faibles. Dans la note sur le commerce ext\u00e9rieure du Cameroun de l\u2019ann\u00e9e 2019, le pays\u00a0a export\u00e9 en direction des pays frontaliers 7\u00a070 087 tonnes de produits \u00e0 raison de 2\u00a0392,7 milliards de FCFA. Si l\u2019on recentre ces derni\u00e8res sur les pays de la zone Cemac, l\u2019on obtient 334\u00a0468 tonnes de produits export\u00e9s \u00e0 raison de 158,3 milliards de FCFA. Pour le cas pr\u00e9cis de la Guin\u00e9e-Equatoriale le Cameroun y a export\u00e9\u00a0\u00a013\u00a0305 tonnes de produits \u00e0 raison de 9\u00a0941 milliards de FCFA, pour un poids d\u2019\u00e9change de 0,4%\u00a0; en 2018, l\u2019on se situait \u00e0\u00a0\u00a08\u00a0708 tonnes de produits pour 7,481 milliards de FCFA, pour un\u00a0\u00a0poids d\u2019\u00e9change identique \u00e0 2019.<\/p>\n<p><strong>Lire aussi<\/strong> : <a href=\"https:\/\/ecomatin.net\/cameroun-guinee-equatoriale-obiang-nguema-reordonne-la-reouverture-de-la-frontiere\/\">Cameroun-Guin\u00e9e \u00e9quatoriale: Obiang Nguema r\u00e9ordonne la r\u00e9ouverture de la fronti\u00e8re<\/a><\/p>\n<p>Du cot\u00e9 des importations, l\u2019on totalise en 2019, 10 011\u00a0073 tonnes de produits. R\u00e9duit \u00e0 la sous-r\u00e9gion Cemac l\u2019on a\u00a0\u00a0249\u00a0084 tonnes de produits import\u00e9s, pour une enveloppe de 53,153 milliards de Fcfa. La Guin\u00e9e-Equatoriale seule a export\u00e9 au Cameroun 64\u00a0699 tonnes pour une enveloppe de 22,47 milliards de Fcfa, pour un poids d\u2019\u00e9change de 0,8%.<\/p>\n<p>Auteur: Cindy MBALA<br \/>\n<a href=\"https:\/\/ecomatin.net\/explosion-de-bata-paul-biya-depeche-une-mission-dassistance-humanitaire-en-guinee-equatoriale\/\">Cliquez ici pour lire l&rsquo;article depuis sa source.<\/a><\/p>\n","protected":false},"excerpt":{"rendered":"<p>Le pr\u00e9sident de la R\u00e9publique Paul Biya a d\u00e9p\u00each\u00e9 le 15 mars 2021, une mission d\u2019assistance humanitaire en Guin\u00e9e-Equatoriale. Ceci fait suite \u00e0 la catastrophe ayant frapp\u00e9 le pays en date du 7 mars 2021\u00a0\u00e0 Bata, la capitale \u00e9conomique du pays, qui a fait plus d\u2019une centaine de morts et pr\u00e8s de 600 bless\u00e9s.\u00a0Selon le [&hellip;]<\/p>\n","protected":false},"author":1969,"featured_media":0,"comment_status":"closed","ping_status":"closed","sticky":false,"template":"","format":"standard","meta":{"fifu_image_url":"","fifu_image_alt":"","footnotes":""},"categories":[82,78],"tags":[],"class_list":["post-113209","post","type-post","status-publish","format-standard","hentry","category-cameroun","category-economie"],"_links":{"self":[{"href":"https:\/\/linitiative.ca\/International\/wp-json\/wp\/v2\/posts\/113209","targetHints":{"allow":["GET"]}}],"collection":[{"href":"https:\/\/linitiative.ca\/International\/wp-json\/wp\/v2\/posts"}],"about":[{"href":"https:\/\/linitiative.ca\/International\/wp-json\/wp\/v2\/types\/post"}],"author":[{"embeddable":true,"href":"https:\/\/linitiative.ca\/International\/wp-json\/wp\/v2\/users\/1969"}],"replies":[{"embeddable":true,"href":"https:\/\/linitiative.ca\/International\/wp-json\/wp\/v2\/comments?post=113209"}],"version-history":[{"count":0,"href":"https:\/\/linitiative.ca\/International\/wp-json\/wp\/v2\/posts\/113209\/revisions"}],"wp:attachment":[{"href":"https:\/\/linitiative.ca\/International\/wp-json\/wp\/v2\/media?parent=113209"}],"wp:term":[{"taxonomy":"category","embeddable":true,"href":"https:\/\/linitiative.ca\/International\/wp-json\/wp\/v2\/categories?post=113209"},{"taxonomy":"post_tag","embeddable":true,"href":"https:\/\/linitiative.ca\/International\/wp-json\/wp\/v2\/tags?post=113209"}],"curies":[{"name":"wp","href":"https:\/\/api.w.org\/{rel}","templated":true}]}}