{"id":113214,"date":"2021-03-17T10:00:16","date_gmt":"2021-03-17T14:00:16","guid":{"rendered":"https:\/\/linitiative.ca\/International\/volvo-cars-veut-devenir-100-electrique-a-partir-de-2030\/"},"modified":"2021-03-17T10:00:16","modified_gmt":"2021-03-17T14:00:16","slug":"volvo-cars-veut-devenir-100-electrique-a-partir-de-2030","status":"publish","type":"post","link":"https:\/\/linitiative.ca\/International\/volvo-cars-veut-devenir-100-electrique-a-partir-de-2030\/","title":{"rendered":"Volvo Cars veut devenir 100% \u00e9lectrique \u00e0 partir de 2030"},"content":{"rendered":"<figure class=\"post-thumbnail\" itemprop=\"associatedMedia\" itemscope=\"itemscope\" itemtype=\"http:\/\/schema.org\/ImageObject\"><img decoding=\"async\" class=\"post_layout_5_img\" src=\"http:\/\/aujourdhui.ma\/wp-content\/uploads\/2021\/03\/Volvo_-d-C40_Recharge.jpg\" alt=\"Volvo Cars veut devenir 100% \u00e9lectrique \u00e0 partir de 2030\"\/><\/figure>\n<p><span class=\"c6\"><strong><span class=\"c5\">Pour consolider son rang de leader sur le march\u00e9 des voitures \u00e9lectriques haut de gamme<\/span><\/strong><\/span><span id=\"more-371228\"\/><\/p>\n<p>Volvo Cars envisage dans dix ans de commencer \u00e0 vendre exclusivement des voitures 100% \u00e9lectriques et supprimer ainsi de son portefeuille mondial tous les mod\u00e8les \u00e9quip\u00e9s de moteurs \u00e0 combustion, y compris les v\u00e9hicules hybrides. C\u2019est ce qui ressort d\u2019une conf\u00e9rence en ligne pr\u00e9sid\u00e9e, derni\u00e8rement, par Hakan Samuelson, CEO de Volvo Cars. L\u2019entreprise veut ainsi consolider, selon l\u2019intervenant, son rang de leader sur le march\u00e9 en forte croissance des voitures \u00e9lectriques haut de gamme. M. Samuelson a tenu \u00e0 pr\u00e9ciser qu\u2019une telle transition fait partie de l\u2019ambitieux plan Climat de la marque, qui vise, \u00e0 terme, \u00e0 r\u00e9duire de mani\u00e8re drastique l\u2019empreinte carbone du cycle de vie de chaque voiture \u00e0 travers toute une s\u00e9rie d\u2019actions.<\/p>\n<p><a href=\"https:http:\/\/aujourdhui.ma\/wp-content\/uploads\/2021\/03\/Volvo_C40_Recharge3.jpg\"><img decoding=\"async\" loading=\"lazy\" class=\"alignnone size-full wp-image-371230\" src=\"http:\/\/aujourdhui.ma\/wp-content\/uploads\/2021\/03\/Volvo_C40_Recharge3.jpg\" alt=\"\" width=\"746\" height=\"380\" srcset=\"http:\/\/aujourdhui.ma\/wp-content\/uploads\/2021\/03\/Volvo_C40_Recharge3.jpg 746w, \/\/aujourdhui.ma\/wp-content\/uploads\/2021\/03\/Volvo_C40_Recharge3-300x153.jpg 300w, \/\/aujourdhui.ma\/wp-content\/uploads\/2021\/03\/Volvo_C40_Recharge3-274x140.jpg 274w, \/\/aujourdhui.ma\/wp-content\/uploads\/2021\/03\/Volvo_C40_Recharge3-165x84.jpg 165w, \/\/aujourdhui.ma\/wp-content\/uploads\/2021\/03\/Volvo_C40_Recharge3-702x358.jpg 702w\" sizes=\"auto, (max-width: 746px) 100vw, 746px\"\/><\/a><\/p>\n<p>\u00abPour r\u00e9aliser tous ces objectifs, nous pr\u00f4nons une strat\u00e9gie qui repose sur l\u2019acc\u00e9l\u00e9ration de l\u2019adh\u00e9sion du consommateur \u00e0 100% \u00e9lectrique gr\u00e2ce au d\u00e9veloppement rapide d\u2019une infrastructure de recharge \u00e0 la fois accessible et performante\u00bb, a rappel\u00e9 M. Samuelson. L\u2019intervenant a poursuivi que Volvo Cars est r\u00e9solument d\u00e9cid\u00e9 \u00e0 devenir un constructeur automobile enti\u00e8rement \u00e9lectrique \u00e0 l\u2019horizon 2030. \u00abCela nous permettra de r\u00e9pondre aux attentes de nos clients et de contribuer \u00e0 la lutte contre le changement climatique\u00bb, a expliqu\u00e9 M. Samuelson. Volvo Cars axe \u00e9galement cette strat\u00e9gie, a-t-il poursuivi, sur la vente en ligne ainsi que sur une offre consommateur \u00e0 la fois compl\u00e8te, attractive et transparente, sous l\u2019\u00e9gide de l\u2019enseigne \u00abCare by Volvo\u00bb.<\/p>\n<p>Et \u00abdevenir leader du segment en forte croissance de l\u2019\u00e9lectrique haut de gamme mobilise tous nos efforts \u00e0 l\u2019heure actuelle. Nous misons sur l\u2019avenir, \u00e0 savoir l\u2019\u00e9lectrique et la vente en ligne\u00bb, a soulign\u00e9 Samuelson. Par ailleurs et malgr\u00e9 l\u2019acc\u00e9l\u00e9ration de sa strat\u00e9gie d\u2019\u00e9lectrification en r\u00e9ponse \u00e0 une forte demande de mod\u00e8les \u00e9lectriques au cours des derni\u00e8res ann\u00e9es, Volvo Cars reste toujours aussi fid\u00e8le \u00e0 ses valeurs de constructeur profond\u00e9ment engag\u00e9 pour la s\u00e9curit\u00e9 automobile. \u00abLes technologies de s\u00e9curit\u00e9 d\u00e9velopp\u00e9es par Volvo sont aujourd\u2019hui les plus avanc\u00e9es de l\u2019industrie automobile. Le constructeur a m\u00eame pris une responsabilit\u00e9 active afin de r\u00e9ussir \u00e0 atteindre l\u2019objectif de z\u00e9ro accident mortel\u00bb. \u00abL\u2019ann\u00e9e derni\u00e8re, Volvo Cars avait lanc\u00e9 sa premi\u00e8re voiture 100%\u00e9lectrique: il s\u2019agit du XC40 Recharge\u00bb, selon les responsables de Volvo Cars.<\/p>\n<p><a href=\"https:http:\/\/aujourdhui.ma\/wp-content\/uploads\/2021\/03\/Volvo_C40_Recharge.jpg\"><img decoding=\"async\" loading=\"lazy\" class=\"alignnone size-full wp-image-371229\" src=\"http:\/\/aujourdhui.ma\/wp-content\/uploads\/2021\/03\/Volvo_C40_Recharge.jpg\" alt=\"\" width=\"746\" height=\"380\" srcset=\"http:\/\/aujourdhui.ma\/wp-content\/uploads\/2021\/03\/Volvo_C40_Recharge.jpg 746w, \/\/aujourdhui.ma\/wp-content\/uploads\/2021\/03\/Volvo_C40_Recharge-300x153.jpg 300w, \/\/aujourdhui.ma\/wp-content\/uploads\/2021\/03\/Volvo_C40_Recharge-274x140.jpg 274w, \/\/aujourdhui.ma\/wp-content\/uploads\/2021\/03\/Volvo_C40_Recharge-165x84.jpg 165w, \/\/aujourdhui.ma\/wp-content\/uploads\/2021\/03\/Volvo_C40_Recharge-702x358.jpg 702w\" sizes=\"auto, (max-width: 746px) 100vw, 746px\"\/><\/a><\/p>\n<p>Notons que l\u2019entreprise vient de lancer, la semaine derni\u00e8re, le nouveau C40 Recharge. Il s\u2019agit du premier SUV coup\u00e9 compact de la marque \u00e0 \u00eatre exclusivement propos\u00e9 en motorisation \u00e9lectrique. La marque pr\u00e9voit encore de d\u00e9velopper toute une s\u00e9rie de nouveaux mod\u00e8les \u00e9lectriques dans les ann\u00e9es \u00e0 venir. D\u00e9j\u00e0 \u00e0 l\u2019horizon 2025, Volvo Cars pr\u00e9voit que 50% de ses ventes mondiales seront compos\u00e9es de v\u00e9hicules tous \u00e9lectriques.<\/p>\n<div class=\"base-box mom_box_sc_custom mom_box_sc clear c8\" readability=\"22\">\n<p><span class=\"c7\"><strong>Volvo Car Group en 2020<\/strong><\/span><\/p>\n<p>Au cours de l\u2019exercice fiscal 2020, le r\u00e9sultat d\u2019exploitation de Volvo Car Group a atteint 8,5 milliards de SEK (839 millions d\u2019euros), contre 14,3 milliards de SEK (1,4 milliard d\u2019euros) en 2019. Le chiffre d\u2019affaires pour cette p\u00e9riode s\u2019\u00e9l\u00e8ve \u00e0 262,8 milliards de SEK (25,9 milliards d\u2019euros), contre 274,1 milliards de SEK (27 milliards d\u2019euros) en 2019. Sur l\u2019ensemble de l\u2019ann\u00e9e 2020, les ventes mondiales ont atteint 661 713 v\u00e9hicules, soit une baisse de 6,2 % par rapport \u00e0 2019 (705 452 unit\u00e9s).<\/p>\n<\/div>\n<p>Auteur: ALM<br \/>\n<a href=\"https:\/\/aujourdhui.ma\/automobile\/volvo-cars-veut-devenir-100-electrique-a-partir-de-2030\">Cliquez ici pour lire l&rsquo;article depuis sa source.<\/a><\/p>\n","protected":false},"excerpt":{"rendered":"<p>Pour consolider son rang de leader sur le march\u00e9 des voitures \u00e9lectriques haut de gamme Volvo Cars envisage dans dix ans de commencer \u00e0 vendre exclusivement des voitures 100% \u00e9lectriques et supprimer ainsi de son portefeuille mondial tous les mod\u00e8les \u00e9quip\u00e9s de moteurs \u00e0 combustion, y compris les v\u00e9hicules hybrides. C\u2019est ce qui ressort d\u2019une [&hellip;]<\/p>\n","protected":false},"author":1759,"featured_media":0,"comment_status":"closed","ping_status":"closed","sticky":false,"template":"","format":"standard","meta":{"fifu_image_url":"http:\/\/aujourdhui.ma\/wp-content\/uploads\/2021\/03\/Volvo_-d-C40_Recharge.jpg","fifu_image_alt":"Volvo Cars veut devenir 100% \u00e9lectrique \u00e0 partir de 2030","footnotes":""},"categories":[73,54],"tags":[],"class_list":["post-113214","post","type-post","status-publish","format-standard","hentry","category-actualite","category-maroc"],"_links":{"self":[{"href":"https:\/\/linitiative.ca\/International\/wp-json\/wp\/v2\/posts\/113214","targetHints":{"allow":["GET"]}}],"collection":[{"href":"https:\/\/linitiative.ca\/International\/wp-json\/wp\/v2\/posts"}],"about":[{"href":"https:\/\/linitiative.ca\/International\/wp-json\/wp\/v2\/types\/post"}],"author":[{"embeddable":true,"href":"https:\/\/linitiative.ca\/International\/wp-json\/wp\/v2\/users\/1759"}],"replies":[{"embeddable":true,"href":"https:\/\/linitiative.ca\/International\/wp-json\/wp\/v2\/comments?post=113214"}],"version-history":[{"count":0,"href":"https:\/\/linitiative.ca\/International\/wp-json\/wp\/v2\/posts\/113214\/revisions"}],"wp:attachment":[{"href":"https:\/\/linitiative.ca\/International\/wp-json\/wp\/v2\/media?parent=113214"}],"wp:term":[{"taxonomy":"category","embeddable":true,"href":"https:\/\/linitiative.ca\/International\/wp-json\/wp\/v2\/categories?post=113214"},{"taxonomy":"post_tag","embeddable":true,"href":"https:\/\/linitiative.ca\/International\/wp-json\/wp\/v2\/tags?post=113214"}],"curies":[{"name":"wp","href":"https:\/\/api.w.org\/{rel}","templated":true}]}}