{"id":113215,"date":"2021-03-17T10:57:43","date_gmt":"2021-03-17T14:57:43","guid":{"rendered":"https:\/\/linitiative.ca\/International\/apres-de-longs-mois-de-fermeture-due-a-la-pandemie-du-covid-19-les-hammams-rouvrent-mercredi-a-casablanca\/"},"modified":"2021-03-17T10:57:43","modified_gmt":"2021-03-17T14:57:43","slug":"apres-de-longs-mois-de-fermeture-due-a-la-pandemie-du-covid-19-les-hammams-rouvrent-mercredi-a-casablanca","status":"publish","type":"post","link":"https:\/\/linitiative.ca\/International\/apres-de-longs-mois-de-fermeture-due-a-la-pandemie-du-covid-19-les-hammams-rouvrent-mercredi-a-casablanca\/","title":{"rendered":"Apr\u00e8s de longs mois de fermeture due \u00e0 la pand\u00e9mie du Covid-19 : Les hammams rouvrent  mercredi \u00e0 Casablanca"},"content":{"rendered":"<header>\n<\/header>\n<div class=\"entry-content clearfix\" readability=\"45\">\n<figure class=\"post-thumbnail\" itemprop=\"associatedMedia\" itemscope=\"itemscope\" itemtype=\"http:\/\/schema.org\/ImageObject\"><img decoding=\"async\" class=\"post_layout_5_img\" src=\"https:\/\/aujourdhui.ma\/wp-content\/uploads\/2017\/02\/Hammam.jpg\" alt=\"Apr\u00e8s de longs mois de fermeture due \u00e0 la pand\u00e9mie du Covid-19 : Les hammams rouvrent mercredi \u00e0 Casablanca\"\/><\/figure>\n<p><span class=\"c6\"><span class=\"c5\"><strong>C\u2019est le bout du tunnel pour les hammams \u00e0 Casablanca. Ces derniers ont \u00e9t\u00e9 autoris\u00e9s \u00e0 rouvrir \u00e0 Casablanca \u00e0 partir de mercredi dans la soir\u00e9e.<\/strong><\/span> <span id=\"more-371267\"\/><\/span><\/p>\n<p>Apr\u00e8s de longs mois de fermeture due \u00e0 la pand\u00e9mie du Covid-19 et une mobilisation depuis une longue p\u00e9riode, les propri\u00e9taires s\u2019appr\u00eatent \u00e0 reprendre leur activit\u00e9. Une reprise tr\u00e8s attendue \u00e0 la fois par les professionnels et les habitants de Casablanca dont certains effectuaient de longs kilom\u00e8tres pour un hammam.<br \/>Au cours de la journ\u00e9e du mercredi, les agents locaux d\u2019autorit\u00e9 ont pris contact avec les propri\u00e9taires et les professionnels du secteur dans la m\u00e9tropole pour leur annoncer la nouvelle.<\/p>\n<p>Il faut dire que les hammams figuraient dans la liste des derni\u00e8res activit\u00e9s soumises aux restrictions sanitaires d\u00e9cid\u00e9es au lendemain de la proclamation de l\u2019\u00e9tat d\u2019urgence sanitaire il y a pratiquement une ann\u00e9e. Il reste \u00e0 savoir si les hammams seront soumis \u00e0 un protocole sanitaire particulier pour \u00e9viter qu\u2019ils ne se transforment en vecteur de la propagation du virus dans la m\u00e9tropole. Affaire \u00e0 suivre.<\/p>\n<\/div>\n<p>Auteur: ALM<br \/>\n<a href=\"https:\/\/aujourdhui.ma\/societe\/apres-de-longs-mois-de-fermeture-due-a-la-pandemie-du-covid-19-les-hammams-rouvrent-mercredi-a-casablanca\">Cliquez ici pour lire l&rsquo;article depuis sa source.<\/a><\/p>\n","protected":false},"excerpt":{"rendered":"<p>C\u2019est le bout du tunnel pour les hammams \u00e0 Casablanca. Ces derniers ont \u00e9t\u00e9 autoris\u00e9s \u00e0 rouvrir \u00e0 Casablanca \u00e0 partir de mercredi dans la soir\u00e9e. Apr\u00e8s de longs mois de fermeture due \u00e0 la pand\u00e9mie du Covid-19 et une mobilisation depuis une longue p\u00e9riode, les propri\u00e9taires s\u2019appr\u00eatent \u00e0 reprendre leur activit\u00e9. Une reprise tr\u00e8s [&hellip;]<\/p>\n","protected":false},"author":1759,"featured_media":0,"comment_status":"closed","ping_status":"closed","sticky":false,"template":"","format":"standard","meta":{"fifu_image_url":"https:\/\/aujourdhui.ma\/wp-content\/uploads\/2017\/02\/Hammam.jpg","fifu_image_alt":"Apr\u00e8s de longs mois de fermeture due \u00e0 la pand\u00e9mie du Covid-19 : Les hammams rouvrent  mercredi \u00e0 Casablanca","footnotes":""},"categories":[73,54],"tags":[],"class_list":["post-113215","post","type-post","status-publish","format-standard","hentry","category-actualite","category-maroc"],"_links":{"self":[{"href":"https:\/\/linitiative.ca\/International\/wp-json\/wp\/v2\/posts\/113215","targetHints":{"allow":["GET"]}}],"collection":[{"href":"https:\/\/linitiative.ca\/International\/wp-json\/wp\/v2\/posts"}],"about":[{"href":"https:\/\/linitiative.ca\/International\/wp-json\/wp\/v2\/types\/post"}],"author":[{"embeddable":true,"href":"https:\/\/linitiative.ca\/International\/wp-json\/wp\/v2\/users\/1759"}],"replies":[{"embeddable":true,"href":"https:\/\/linitiative.ca\/International\/wp-json\/wp\/v2\/comments?post=113215"}],"version-history":[{"count":0,"href":"https:\/\/linitiative.ca\/International\/wp-json\/wp\/v2\/posts\/113215\/revisions"}],"wp:attachment":[{"href":"https:\/\/linitiative.ca\/International\/wp-json\/wp\/v2\/media?parent=113215"}],"wp:term":[{"taxonomy":"category","embeddable":true,"href":"https:\/\/linitiative.ca\/International\/wp-json\/wp\/v2\/categories?post=113215"},{"taxonomy":"post_tag","embeddable":true,"href":"https:\/\/linitiative.ca\/International\/wp-json\/wp\/v2\/tags?post=113215"}],"curies":[{"name":"wp","href":"https:\/\/api.w.org\/{rel}","templated":true}]}}