{"id":113216,"date":"2021-03-17T11:00:11","date_gmt":"2021-03-17T15:00:11","guid":{"rendered":"https:\/\/linitiative.ca\/International\/bibliobus-cloture-en-beaute-de-la-2e-edition-par-la-fondation-renault\/"},"modified":"2021-03-17T11:00:11","modified_gmt":"2021-03-17T15:00:11","slug":"bibliobus-cloture-en-beaute-de-la-2e-edition-par-la-fondation-renault","status":"publish","type":"post","link":"https:\/\/linitiative.ca\/International\/bibliobus-cloture-en-beaute-de-la-2e-edition-par-la-fondation-renault\/","title":{"rendered":"Bibliobus : Cl\u00f4ture en beaut\u00e9 de la 2\u00e8 \u00e9dition par la Fondation Renault"},"content":{"rendered":"<figure class=\"post-thumbnail\" itemprop=\"associatedMedia\" itemscope=\"itemscope\" itemtype=\"http:\/\/schema.org\/ImageObject\"><img decoding=\"async\" class=\"post_layout_5_img\" src=\"http:\/\/aujourdhui.ma\/wp-content\/uploads\/2021\/03\/Bibliobus-Fondation-Renault-Maroc-2eme-edition.jpg\" alt=\"Bibliobus : Cl\u00f4ture en beaut\u00e9 de la 2\u00e8 \u00e9dition par la Fondation Renault\"\/><\/figure>\n<p><span class=\"c5\"><strong>Elle a touch\u00e9 la province de Fahs Anjra et le Grand Casablanca avec plusieurs nouveaut\u00e9s en faveur de milliers d\u2019\u00e9coliers<\/strong><\/span><span id=\"more-371233\"\/><\/p>\n<p>La Fondation Renault promeut la lecture et le livre. Apr\u00e8s une premi\u00e8re campagne r\u00e9ussie en 2019, la Fondation Renault Maroc a lanc\u00e9 la deuxi\u00e8me \u00e9dition du Bibliobus, soutenue par de nombreuses initiatives solidaires au b\u00e9n\u00e9fice des \u00e9coliers de ses zones d\u2019ancrage et r\u00e9adapt\u00e9e pour accompagner le contexte \u00e9ducatif li\u00e9 \u00e0 la crise sanitaire. En partenariat avec la Fondation Hiba et l\u2019association Al Jisr, la 2\u00e8me \u00e9dition du Bibliobus a \u00e9t\u00e9 d\u00e9ploy\u00e9e simultan\u00e9ment dans les \u00e9coles primaires publiques de la province de Fahs Anjra \u00e0 Tanger et dans le Grand Casablanca, entre octobre 2020 et fin f\u00e9vrier 2021.<\/p>\n<p>Cette \u00e9dition a \u00e9t\u00e9 appuy\u00e9e par un deuxi\u00e8me Bibliobus, un Renault Master de l\u2019association Al Jisr et am\u00e9nag\u00e9 en biblioth\u00e8que mobile permettant d\u2019augmenter le nombre des b\u00e9n\u00e9ficiaires des diff\u00e9rents ateliers propos\u00e9s : lecture, art plastique, th\u00e9\u00e2tre, gestion des biblioth\u00e8ques scolaires et projection de film \u00e9ducatif. \u00abCe sont plus d\u2019une cinquantaine d\u2019\u00e9tablissements scolaires, soit plus de 8.500 \u00e9coliers, qui se sont vu propos\u00e9s des ateliers culturels et artistiques, am\u00e9nag\u00e9s en prenant en consid\u00e9ration les restrictions sanitaires, avec l\u2019aide d\u2019animateurs et encadrants sp\u00e9cialis\u00e9s. Parmi les actions mises en place dans le contexte particulier li\u00e9 \u00e0 la pand\u00e9mie qui a boulevers\u00e9 les m\u00e9thodes d\u2019enseignement dans le monde, cette 2\u00e8me \u00e9dition s\u2019est distingu\u00e9e dans un premier temps par la formation des enseignants sur les outils et techniques d\u2019enseignement \u00e0 distance\u00bb, apprend-on aupr\u00e8s de la Fondation.<\/p>\n<p>Plus de 300 enseignants ont pu b\u00e9n\u00e9ficier de ce soutien, leur facilitant la transmission de leur savoir \u00e0 leurs \u00e9l\u00e8ves. \u00abParce que l\u2019\u00e9ducation est une priorit\u00e9, la Fondation Renault Maroc a \u00e9galement tenu \u00e0 encourager les \u00e9l\u00e8ves \u00e0 renforcer leur apprentissage avec l\u2019int\u00e9gration d\u2019un outil p\u00e9dagogique bilingue leur permettant de gagner en autonomie dans les circonstances sanitaires actuelles. Con\u00e7u par l\u2019\u00e9quipe p\u00e9dagogique de l\u2019association Al-Jisr, ce cahier \u00e9ducatif se pr\u00e9sente sous forme de supports \u00e9dit\u00e9s pour 6 niveaux, allant du CE1 au CE6, et y aborde l\u2019essentiel de l\u2019apprentissage des langues, des sciences, des math\u00e9matiques et de l\u2019\u00e9ducation civique et artistique.<\/p>\n<p>Cette 2\u00e8me \u00e9dition a \u00e9t\u00e9 l\u2019occasion de distribuer 6000 exemplaires de ces cahiers\u00bb, conclut la Fondation.<\/p>\n<p><a href=\"https:http:\/\/aujourdhui.ma\/wp-content\/uploads\/2021\/03\/Bibliobus-Fondation-Renault-Maroc-2eme-edition-1.jpg\"><img decoding=\"async\" loading=\"lazy\" class=\"alignnone size-full wp-image-371236\" src=\"http:\/\/aujourdhui.ma\/wp-content\/uploads\/2021\/03\/Bibliobus-Fondation-Renault-Maroc-2eme-edition-1.jpg\" alt=\"\" width=\"746\" height=\"380\" srcset=\"http:\/\/aujourdhui.ma\/wp-content\/uploads\/2021\/03\/Bibliobus-Fondation-Renault-Maroc-2eme-edition-1.jpg 746w, \/\/aujourdhui.ma\/wp-content\/uploads\/2021\/03\/Bibliobus-Fondation-Renault-Maroc-2eme-edition-1-300x153.jpg 300w, \/\/aujourdhui.ma\/wp-content\/uploads\/2021\/03\/Bibliobus-Fondation-Renault-Maroc-2eme-edition-1-274x140.jpg 274w, \/\/aujourdhui.ma\/wp-content\/uploads\/2021\/03\/Bibliobus-Fondation-Renault-Maroc-2eme-edition-1-165x84.jpg 165w, \/\/aujourdhui.ma\/wp-content\/uploads\/2021\/03\/Bibliobus-Fondation-Renault-Maroc-2eme-edition-1-702x358.jpg 702w\" sizes=\"auto, (max-width: 746px) 100vw, 746px\"\/><\/a> <a href=\"https:http:\/\/aujourdhui.ma\/wp-content\/uploads\/2021\/03\/Bibliobus-2eme-edition-Fondation-Renault-Maroc.jpg\"><img decoding=\"async\" loading=\"lazy\" class=\"alignnone size-full wp-image-371234\" src=\"http:\/\/aujourdhui.ma\/wp-content\/uploads\/2021\/03\/Bibliobus-2eme-edition-Fondation-Renault-Maroc.jpg\" alt=\"\" width=\"746\" height=\"380\" srcset=\"http:\/\/aujourdhui.ma\/wp-content\/uploads\/2021\/03\/Bibliobus-2eme-edition-Fondation-Renault-Maroc.jpg 746w, \/\/aujourdhui.ma\/wp-content\/uploads\/2021\/03\/Bibliobus-2eme-edition-Fondation-Renault-Maroc-300x153.jpg 300w, \/\/aujourdhui.ma\/wp-content\/uploads\/2021\/03\/Bibliobus-2eme-edition-Fondation-Renault-Maroc-274x140.jpg 274w, \/\/aujourdhui.ma\/wp-content\/uploads\/2021\/03\/Bibliobus-2eme-edition-Fondation-Renault-Maroc-165x84.jpg 165w, \/\/aujourdhui.ma\/wp-content\/uploads\/2021\/03\/Bibliobus-2eme-edition-Fondation-Renault-Maroc-702x358.jpg 702w\" sizes=\"auto, (max-width: 746px) 100vw, 746px\"\/><\/a><\/p>\n<p>Auteur: ALM<br \/>\n<a href=\"https:\/\/aujourdhui.ma\/actualite\/bibliobus-cloture-en-beaute-de-la-2e-edition-par-la-fondation-renault\">Cliquez ici pour lire l&rsquo;article depuis sa source.<\/a><\/p>\n","protected":false},"excerpt":{"rendered":"<p>Elle a touch\u00e9 la province de Fahs Anjra et le Grand Casablanca avec plusieurs nouveaut\u00e9s en faveur de milliers d\u2019\u00e9coliers La Fondation Renault promeut la lecture et le livre. Apr\u00e8s une premi\u00e8re campagne r\u00e9ussie en 2019, la Fondation Renault Maroc a lanc\u00e9 la deuxi\u00e8me \u00e9dition du Bibliobus, soutenue par de nombreuses initiatives solidaires au b\u00e9n\u00e9fice [&hellip;]<\/p>\n","protected":false},"author":1759,"featured_media":0,"comment_status":"closed","ping_status":"closed","sticky":false,"template":"","format":"standard","meta":{"fifu_image_url":"http:\/\/aujourdhui.ma\/wp-content\/uploads\/2021\/03\/Bibliobus-Fondation-Renault-Maroc-2eme-edition.jpg","fifu_image_alt":"Bibliobus : Cl\u00f4ture en beaut\u00e9 de la 2\u00e8 \u00e9dition par la Fondation Renault","footnotes":""},"categories":[73,54],"tags":[],"class_list":["post-113216","post","type-post","status-publish","format-standard","hentry","category-actualite","category-maroc"],"_links":{"self":[{"href":"https:\/\/linitiative.ca\/International\/wp-json\/wp\/v2\/posts\/113216","targetHints":{"allow":["GET"]}}],"collection":[{"href":"https:\/\/linitiative.ca\/International\/wp-json\/wp\/v2\/posts"}],"about":[{"href":"https:\/\/linitiative.ca\/International\/wp-json\/wp\/v2\/types\/post"}],"author":[{"embeddable":true,"href":"https:\/\/linitiative.ca\/International\/wp-json\/wp\/v2\/users\/1759"}],"replies":[{"embeddable":true,"href":"https:\/\/linitiative.ca\/International\/wp-json\/wp\/v2\/comments?post=113216"}],"version-history":[{"count":0,"href":"https:\/\/linitiative.ca\/International\/wp-json\/wp\/v2\/posts\/113216\/revisions"}],"wp:attachment":[{"href":"https:\/\/linitiative.ca\/International\/wp-json\/wp\/v2\/media?parent=113216"}],"wp:term":[{"taxonomy":"category","embeddable":true,"href":"https:\/\/linitiative.ca\/International\/wp-json\/wp\/v2\/categories?post=113216"},{"taxonomy":"post_tag","embeddable":true,"href":"https:\/\/linitiative.ca\/International\/wp-json\/wp\/v2\/tags?post=113216"}],"curies":[{"name":"wp","href":"https:\/\/api.w.org\/{rel}","templated":true}]}}