{"id":113220,"date":"2021-03-17T08:49:06","date_gmt":"2021-03-17T12:49:06","guid":{"rendered":"https:\/\/linitiative.ca\/International\/%ef%bb%bframid-les-methodes-de-gestion-efficace-doivent-etre-constamment-adaptees\/"},"modified":"2021-03-17T08:49:06","modified_gmt":"2021-03-17T12:49:06","slug":"%ef%bb%bframid-les-methodes-de-gestion-efficace-doivent-etre-constamment-adaptees","status":"publish","type":"post","link":"https:\/\/linitiative.ca\/International\/%ef%bb%bframid-les-methodes-de-gestion-efficace-doivent-etre-constamment-adaptees\/","title":{"rendered":"\ufeffRamid : \u00abLes m\u00e9thodes de gestion efficace doivent \u00eatre constamment adapt\u00e9es\u00bb"},"content":{"rendered":"<p class=\"has-text-color c1\"><strong>Exercice des droits et libert\u00e9s dans l\u2019espace num\u00e9rique<\/strong><\/p>\n<p><strong>Les m\u00e9thodes de gestion efficace de l\u2019exercice des droits et libert\u00e9s dans l\u2019espace num\u00e9rique doivent \u00eatre constamment adapt\u00e9es, dans un cadre de coop\u00e9ration entre les diff\u00e9rentes parties concern\u00e9es, a indiqu\u00e9, mardi \u00e0 Rabat, le ministre d\u2019Etat charg\u00e9 des Droits de l\u2019Homme et des Relations avec le Parlement, Mustapha Ramid.<\/strong><\/p>\n<p>Dans une allocution par visioconf\u00e9rence, \u00e0 l\u2019ouverture d\u2019un colloque international organis\u00e9 par l\u2019Organisation du Monde islamique pour l\u2019\u00c9ducation, les Sciences et la Culture (ICESCO) et le minist\u00e8re d\u2019Etat charg\u00e9 des Droits de l\u2019Homme et des Relations avec le Parlement, sur le th\u00e8me \u00ab\u00a0Droits de l\u2019Homme et d\u00e9fi num\u00e9rique\u00a0\u00bb, M. Ramid a soulign\u00e9 que \u00ab\u00a0les m\u00e9thodes de gestion efficace de l\u2019exercice des droits et libert\u00e9s dans l\u2019espace num\u00e9rique doivent \u00eatre constamment adapt\u00e9es, afin d\u2019encadrer le bon usage de cette technologie, tout en faisant la jouissance du droit un principe et de la restriction une exception\u00a0\u00bb.<\/p>\n<p>La protection des droits de l\u2019Homme dans le contexte num\u00e9rique n\u00e9cessite une implication plus forte des diff\u00e9rents acteurs, en particulier du secteur priv\u00e9, qui est un acteur majeur dans ce domaine, ajoute le responsable gouvernemental, soulignant que la collecte par les entreprises des donn\u00e9es personnelles des particuliers \u00e0 des fins commerciales et l\u2019utilisation des technologies de surveillance n\u00e9cessitent une l\u00e9gislation et des garanties ad\u00e9quates pour prot\u00e9ger le droit \u00e0 la vie priv\u00e9e.<\/p>\n<p>La bonne gestion de la transformation num\u00e9rique acc\u00e9l\u00e9r\u00e9e passe, \u00e9galement, par un renforcement du suivi, des \u00e9tudes et des recherches sur tous les aspects \u00e9conomiques, sociaux, juridiques et psychologiques li\u00e9s \u00e0 cette technologie et ses effets sur l\u2019individu et la soci\u00e9t\u00e9, ce qui impose l\u2019implication de l\u2019universit\u00e9 et des centres de recherche, a-t-il fait savoir.<\/p>\n<p>Il a estim\u00e9, dans ce contexte, que \u00ab\u00a0si la protection des droits de l\u2019Homme dans le contexte de la transformation num\u00e9rique exige que les gouvernements adaptent et renforcent les lois nationales et renforcent les institutions concern\u00e9es, il serait n\u00e9cessaire de se concentrer sur la sensibilisation et la diffusion des connaissances n\u00e9cessaires pour une utilisation appropri\u00e9e et responsable de l\u2019espace num\u00e9rique, avec l\u2019implication de diff\u00e9rents acteurs\u00a0\u00bb.<\/p>\n<p>Le ministre a, \u00e9galement, indiqu\u00e9 que la r\u00e9duction de la fracture num\u00e9rique entre les groupes et les personnes est un pari n\u00e9cessaire pour renforcer le droit d\u2019acc\u00e8s \u00e0 cette technologie et de b\u00e9n\u00e9ficier de ses avantages, se r\u00e9f\u00e9rant au 9-\u00e8me objectif du Programme de d\u00e9veloppement durable (ODD), \u00e0 l\u2019horizon 2030 selon lequel les \u00c9tats s\u2019engagent \u00e0 permettre aux individus d\u2019acc\u00e9der aux technologies de l\u2019information et de la communication et s\u2019efforcent de fournir des possibilit\u00e9s d\u2019acc\u00e8s global et facile \u00e0 Internet.<\/p>\n<p>De son c\u00f4t\u00e9, le procureur g\u00e9n\u00e9ral du Roi pr\u00e8s la Cour de cassation, pr\u00e9sident du Minist\u00e8re public, Mohammed Abdennabaoui a affirm\u00e9 les technologies permettent de faciliter l\u2019acc\u00e8s aux diff\u00e9rents types de droits de l\u2019Homme civils, politiques, \u00e9conomiques, sociaux, culturels et environnementaux prot\u00e9g\u00e9s par les trait\u00e9s internationaux relatifs aux droits de l\u2019Homme, mais leur utilisation peut devenir un outil pour violer de nombreux droits et porter atteinte \u00e0 l\u2019ordre public.<\/p>\n<p>\u00ab\u00a0Il faut \u00e9galement reconna\u00eetre que les technologies num\u00e9riques sont devenues un moyen d\u2019exercer de nombreux droits civils et politiques fondamentaux tels que la libert\u00e9 d\u2019opinion et d\u2019expression, la presse et l\u2019\u00e9dition et le droit d\u2019acc\u00e8s \u00e0 l\u2019information\u00a0\u00bb, a-t-ajout\u00e9, pr\u00e9cisant qu\u2019elles repr\u00e9sentent, par ailleurs, un facteur majeur dans la r\u00e9alisation de l\u2019\u00e9galit\u00e9, \u00e0 travers le renforcement de la communication \u00e9lectronique, de l\u2019inclusion financi\u00e8re et de l\u2019accessibilit\u00e9 des services commerciaux et publics\u00a0\u00bb.<\/p>\n<p>M. Abdennabaoui a pass\u00e9 en revue les nouveaux d\u00e9fis de ces technologies, notamment l\u2019av\u00e8nement de nouveaux dangers et menaces pouvant porter atteinte \u00e0 la s\u00e9curit\u00e9 des Etats et des soci\u00e9t\u00e9s, ainsi qu\u2019aux droits de l\u2019Homme fondamentaux des individus.<\/p>\n<p>Et de souligner que l\u2019espace num\u00e9rique est devenu un champ pour des crimes qui affectent le droit \u00e0 la vie et l\u2019int\u00e9grit\u00e9 physique des individus et de leurs biens et des crimes financiers, \u00e0 travers les activit\u00e9s de r\u00e9seaux criminels et d\u2019autres formes de violations des droits de l\u2019Homme, telles que l\u2019incitation \u00e0 la discrimination, \u00e0 la haine, \u00e0 la diffusion de fausses informations, insulte, calomnie, diffamation et formes d\u2019expression offensantes pour les individus et violant leur propre vie.<\/p>\n<p>La pr\u00e9sidence du minist\u00e8re public, a-t-il not\u00e9, attache l\u2019attention n\u00e9cessaire \u00e0 la question de la lutte contre la criminalit\u00e9 num\u00e9rique, au niveau du suivi de la criminalit\u00e9, en accordant une attention particuli\u00e8re aux ph\u00e9nom\u00e8nes criminels exacerb\u00e9s ou \u00e9mergents et en renfor\u00e7ant la capacit\u00e9 du minist\u00e8re public pour lutter contre ces crimes et remplir les engagements du Royaume du Maroc dans le domaine de la cybercriminalit\u00e9.<\/p>\n<p>Ce colloque international, qui a connu la participation d\u2019un groupe d\u2019experts nationaux et internationaux, vise \u00e0 \u00e9largir le cadre de partenariat sur le th\u00e8me de la protection des droits de l\u2019Homme dans le monde virtuel, \u00e0 ouvrir des voies de dialogue et d\u2019\u00e9change d\u2019exp\u00e9riences entre les participants et contribuer au d\u00e9veloppement des m\u00e9canismes des \u00c9tats membres dans le domaine de la protection des droits de l\u2019Homme dans l\u2019espace num\u00e9rique.<\/p>\n<p>Le colloque, auquel ont assist\u00e9 notamment a pr\u00e9sidente du Conseil national des droits de l\u2019Homme (CNDH), Amina Bouayach, le directeur g\u00e9n\u00e9ral de l\u2019ICESCO, Salem Ben Mohamed El Malek et le pr\u00e9sident de la Commission nationale de contr\u00f4le de la protection des donn\u00e9es \u00e0 caract\u00e8re personnel (CNDP), Omar Seghrouchni, s\u2019inscrit dans les efforts les partenariats efficaces visant \u00e0 d\u00e9velopper des syst\u00e8mes juridiques qui encadrent l\u2019utilisation de la technologie moderne et font face aux d\u00e9fis que le monde num\u00e9rique pose aux droits des individus.<\/p>\n<p>Auteur: M&rsquo;hammed rahal<br \/>\n<a href=\"http:\/\/albayane.press.ma\/%EF%BB%BFramid-les-methodes-de-gestion-efficace-doivent-etre-constamment-adaptees.html\">Cliquez ici pour lire l&rsquo;article depuis sa source.<\/a><\/p>\n","protected":false},"excerpt":{"rendered":"<p>Exercice des droits et libert\u00e9s dans l\u2019espace num\u00e9rique Les m\u00e9thodes de gestion efficace de l\u2019exercice des droits et libert\u00e9s dans l\u2019espace num\u00e9rique doivent \u00eatre constamment adapt\u00e9es, dans un cadre de coop\u00e9ration entre les diff\u00e9rentes parties concern\u00e9es, a indiqu\u00e9, mardi \u00e0 Rabat, le ministre d\u2019Etat charg\u00e9 des Droits de l\u2019Homme et des Relations avec le Parlement, [&hellip;]<\/p>\n","protected":false},"author":1760,"featured_media":0,"comment_status":"closed","ping_status":"closed","sticky":false,"template":"","format":"standard","meta":{"fifu_image_url":"","fifu_image_alt":"","footnotes":""},"categories":[73,54],"tags":[],"class_list":["post-113220","post","type-post","status-publish","format-standard","hentry","category-actualite","category-maroc"],"_links":{"self":[{"href":"https:\/\/linitiative.ca\/International\/wp-json\/wp\/v2\/posts\/113220","targetHints":{"allow":["GET"]}}],"collection":[{"href":"https:\/\/linitiative.ca\/International\/wp-json\/wp\/v2\/posts"}],"about":[{"href":"https:\/\/linitiative.ca\/International\/wp-json\/wp\/v2\/types\/post"}],"author":[{"embeddable":true,"href":"https:\/\/linitiative.ca\/International\/wp-json\/wp\/v2\/users\/1760"}],"replies":[{"embeddable":true,"href":"https:\/\/linitiative.ca\/International\/wp-json\/wp\/v2\/comments?post=113220"}],"version-history":[{"count":0,"href":"https:\/\/linitiative.ca\/International\/wp-json\/wp\/v2\/posts\/113220\/revisions"}],"wp:attachment":[{"href":"https:\/\/linitiative.ca\/International\/wp-json\/wp\/v2\/media?parent=113220"}],"wp:term":[{"taxonomy":"category","embeddable":true,"href":"https:\/\/linitiative.ca\/International\/wp-json\/wp\/v2\/categories?post=113220"},{"taxonomy":"post_tag","embeddable":true,"href":"https:\/\/linitiative.ca\/International\/wp-json\/wp\/v2\/tags?post=113220"}],"curies":[{"name":"wp","href":"https:\/\/api.w.org\/{rel}","templated":true}]}}