{"id":113221,"date":"2021-03-17T09:10:25","date_gmt":"2021-03-17T13:10:25","guid":{"rendered":"https:\/\/linitiative.ca\/International\/pps-rencontre-debat-sur-la-protection-sociale-gouvernance-et-financement\/"},"modified":"2021-03-17T09:10:25","modified_gmt":"2021-03-17T13:10:25","slug":"pps-rencontre-debat-sur-la-protection-sociale-gouvernance-et-financement","status":"publish","type":"post","link":"https:\/\/linitiative.ca\/International\/pps-rencontre-debat-sur-la-protection-sociale-gouvernance-et-financement\/","title":{"rendered":"PPS: rencontre-d\u00e9bat  sur: \u00abLa protection sociale, gouvernance et financement\u00bb"},"content":{"rendered":"<p><strong>Jeudi 18 mars 2021 \u00e0 17 H<\/strong><\/p>\n<p><strong>Mod\u00e9ratrice du d\u00e9bat\u00a0:<\/strong><\/p>\n<ul>\n<li>Touria Skalli<\/li>\n<\/ul>\n<p>Membre du bureau politique du PPS et d\u00e9put\u00e9e<\/p>\n<p>Avec la participation de\u00a0:<\/p>\n<ul>\n<li>Abdelouahed Souhail<\/li>\n<\/ul>\n<p>Membre du bureau politique du PPS et ancien ministre<\/p>\n<ul>\n<li>Rida Ben Ammar<\/li>\n<\/ul>\n<p>Directeur des \u00e9tudes, de la communication et du d\u00e9veloppement \u00e0 la CNSS<\/p>\n<ul>\n<li>Faouzi Lakja\u00e2<\/li>\n<\/ul>\n<p><strong>Directeur du Budget au minist\u00e8re de l\u2019Economie et des Finances et de la r\u00e9forme de l\u2019Administration<\/strong><\/p>\n<ul>\n<li>Mohamed Chiguer<\/li>\n<\/ul>\n<p>Pr\u00e9sident du Centre des Etudes et des Recherches Aziz Belal<\/p>\n<p>Dans le cadre de la pr\u00e9paration participative du programme \u00e9lectoral<\/p>\n<p>Auteur: M&rsquo;hammed rahal<br \/>\n<a href=\"http:\/\/albayane.press.ma\/pps-rencontre-debat-sur-la-protection-sociale-gouvernance-et-financement.html\">Cliquez ici pour lire l&rsquo;article depuis sa source.<\/a><\/p>\n","protected":false},"excerpt":{"rendered":"<p>Jeudi 18 mars 2021 \u00e0 17 H Mod\u00e9ratrice du d\u00e9bat\u00a0: Touria Skalli Membre du bureau politique du PPS et d\u00e9put\u00e9e Avec la participation de\u00a0: Abdelouahed Souhail Membre du bureau politique du PPS et ancien ministre Rida Ben Ammar Directeur des \u00e9tudes, de la communication et du d\u00e9veloppement \u00e0 la CNSS Faouzi Lakja\u00e2 Directeur du Budget [&hellip;]<\/p>\n","protected":false},"author":1760,"featured_media":0,"comment_status":"closed","ping_status":"closed","sticky":false,"template":"","format":"standard","meta":{"fifu_image_url":"","fifu_image_alt":"","footnotes":""},"categories":[73,54],"tags":[],"class_list":["post-113221","post","type-post","status-publish","format-standard","hentry","category-actualite","category-maroc"],"_links":{"self":[{"href":"https:\/\/linitiative.ca\/International\/wp-json\/wp\/v2\/posts\/113221","targetHints":{"allow":["GET"]}}],"collection":[{"href":"https:\/\/linitiative.ca\/International\/wp-json\/wp\/v2\/posts"}],"about":[{"href":"https:\/\/linitiative.ca\/International\/wp-json\/wp\/v2\/types\/post"}],"author":[{"embeddable":true,"href":"https:\/\/linitiative.ca\/International\/wp-json\/wp\/v2\/users\/1760"}],"replies":[{"embeddable":true,"href":"https:\/\/linitiative.ca\/International\/wp-json\/wp\/v2\/comments?post=113221"}],"version-history":[{"count":0,"href":"https:\/\/linitiative.ca\/International\/wp-json\/wp\/v2\/posts\/113221\/revisions"}],"wp:attachment":[{"href":"https:\/\/linitiative.ca\/International\/wp-json\/wp\/v2\/media?parent=113221"}],"wp:term":[{"taxonomy":"category","embeddable":true,"href":"https:\/\/linitiative.ca\/International\/wp-json\/wp\/v2\/categories?post=113221"},{"taxonomy":"post_tag","embeddable":true,"href":"https:\/\/linitiative.ca\/International\/wp-json\/wp\/v2\/tags?post=113221"}],"curies":[{"name":"wp","href":"https:\/\/api.w.org\/{rel}","templated":true}]}}