{"id":113222,"date":"2021-03-17T09:39:37","date_gmt":"2021-03-17T13:39:37","guid":{"rendered":"https:\/\/linitiative.ca\/International\/%ef%bb%bfune-soiree-met-en-avant-lheritage-culturel-seculaire-du-maroc\/"},"modified":"2021-03-17T09:39:37","modified_gmt":"2021-03-17T13:39:37","slug":"%ef%bb%bfune-soiree-met-en-avant-lheritage-culturel-seculaire-du-maroc","status":"publish","type":"post","link":"https:\/\/linitiative.ca\/International\/%ef%bb%bfune-soiree-met-en-avant-lheritage-culturel-seculaire-du-maroc\/","title":{"rendered":"\ufeffUne soir\u00e9e met en avant l\u2019h\u00e9ritage culturel s\u00e9culaire du Maroc"},"content":{"rendered":"<p class=\"has-text-color has-vivid-red-color c1\"><strong>Semaine de la Francophonie au Paraguay<\/strong><\/p>\n<p class=\"has-text-color has-vivid-cyan-blue-color\"><strong>L\u2019ambassade du Maroc au Paraguay a organis\u00e9, lundi au si\u00e8ge de l\u2019Alliance Fran\u00e7aise \u00e0 Asunci\u00f3n, une soir\u00e9e haute en couleur mettant en avant les diff\u00e9rents aspects de l\u2019h\u00e9ritage culturel du Royaume, dans le cadre de la c\u00e9l\u00e9bration de la Semaine internationale de la francophonie.<\/strong><\/p>\n<p>A cette occasion, un stand orn\u00e9 des couleurs nationales a \u00e9t\u00e9 mis en place offrant aux visiteurs, par le biais d\u2019une exposition de tableaux artistiques, de brochures touristiques, de produits d\u2019artisanat, de caftans et de quelques musts de la cuisine marocaine, l\u2019occasion d\u2019embrasser les diff\u00e9rentes composantes de l\u2019h\u00e9ritage culturel s\u00e9culaire du Royaume.<\/p>\n<p>Le cin\u00e9ma national a \u00e9t\u00e9 \u00e9galement \u00e0 l\u2019honneur, avec la projection, \u00e0 l\u2019Alliance Fran\u00e7aise d\u2019Asunci\u00f3n, du film marocain \u00abZ\u00e9ro\u00bb du r\u00e9alisateur Nour-Eddine Lakhmari, outre un film documentaire relatant la diversit\u00e9 et la richesse du patrimoine marocain, ainsi et les grands projets structurants initi\u00e9s sous le r\u00e8gne de Sa Majest\u00e9 le Roi Mohammed VI.<\/p>\n<p>Les projections ont \u00e9t\u00e9 l\u2019occasion de faire d\u00e9couvrir au public le cin\u00e9ma marocain et de promouvoir la culture cin\u00e9matographique du Royaume, selon un communiqu\u00e9 de l\u2019ambassade, qui a soulign\u00e9 que les participants, dont des artistes fran\u00e7ais, ont hautement salu\u00e9 la cr\u00e9ativit\u00e9 artistique marocaine et la richesse de la culture du Royaume.<\/p>\n<p>Dans une allocution, l\u2019ambassadeur du Maroc \u00e0 Asunci\u00f3n, Badreddine Abd El Moumni a affirm\u00e9 que la c\u00e9l\u00e9bration de la journ\u00e9e internationale de la francophonie se tient dans un moment difficile marqu\u00e9 par la propagation de la pand\u00e9mie du Covid-19, citant un passage du message adress\u00e9 par SM le Roi au 15\u00e8me sommet de la Francophonie \u00e0 Dakar : \u00abc\u2019est dans ces moments difficiles qu\u2019il est important de se souvenir des valeurs que nous partageons au sein de la francophonie et de prendre les mesures indispensables pour d\u00e9fendre, ensemble, les projet de soci\u00e9t\u00e9 qui sont les n\u00f4tre, fond\u00e9s sur l\u2019ouverture, la diversit\u00e9, la tol\u00e9rance, la libert\u00e9, la diversit\u00e9 et le partage\u00bb.<\/p>\n<p>Le diplomate a relev\u00e9 que la c\u00e9l\u00e9bration de la francophonie constitue une reconnaissance du r\u00f4le de la langue \u00e0 construire des ponts visant le rapprochement et l\u2019unification des peuples, soulignant l\u2019engagement du Maroc en tant que pays actif de l\u2019Organisation internationale de la francophonie (OIF), pr\u00e9sent dans toutes ses instances et pr\u00e9sidant nombre d\u2019autres.<\/p>\n<p>S\u2019exprimant \u00e9galement \u00e0 cette occasion, l\u2019ambassadeur de France, Emmauel Cocher et le Directeur de l\u2019Alliance fran\u00e7aise Dominique Scory ont notamment soulign\u00e9 la richesse de l\u2019h\u00e9ritage civilisationnel du Maroc et les composantes de sa culture, en l\u2019occurrence le cin\u00e9ma, qui prend ces derni\u00e8res ann\u00e9es des dimensions internationales.<\/p>\n<p>Auteur: M&rsquo;hammed rahal<br \/>\n<a href=\"http:\/\/albayane.press.ma\/%EF%BB%BFune-soiree-met-en-avant-lheritage-culturel-seculaire-du-maroc.html\">Cliquez ici pour lire l&rsquo;article depuis sa source.<\/a><\/p>\n","protected":false},"excerpt":{"rendered":"<p>Semaine de la Francophonie au Paraguay L\u2019ambassade du Maroc au Paraguay a organis\u00e9, lundi au si\u00e8ge de l\u2019Alliance Fran\u00e7aise \u00e0 Asunci\u00f3n, une soir\u00e9e haute en couleur mettant en avant les diff\u00e9rents aspects de l\u2019h\u00e9ritage culturel du Royaume, dans le cadre de la c\u00e9l\u00e9bration de la Semaine internationale de la francophonie. A cette occasion, un stand [&hellip;]<\/p>\n","protected":false},"author":1760,"featured_media":0,"comment_status":"closed","ping_status":"closed","sticky":false,"template":"","format":"standard","meta":{"fifu_image_url":"","fifu_image_alt":"","footnotes":""},"categories":[73,54],"tags":[],"class_list":["post-113222","post","type-post","status-publish","format-standard","hentry","category-actualite","category-maroc"],"_links":{"self":[{"href":"https:\/\/linitiative.ca\/International\/wp-json\/wp\/v2\/posts\/113222","targetHints":{"allow":["GET"]}}],"collection":[{"href":"https:\/\/linitiative.ca\/International\/wp-json\/wp\/v2\/posts"}],"about":[{"href":"https:\/\/linitiative.ca\/International\/wp-json\/wp\/v2\/types\/post"}],"author":[{"embeddable":true,"href":"https:\/\/linitiative.ca\/International\/wp-json\/wp\/v2\/users\/1760"}],"replies":[{"embeddable":true,"href":"https:\/\/linitiative.ca\/International\/wp-json\/wp\/v2\/comments?post=113222"}],"version-history":[{"count":0,"href":"https:\/\/linitiative.ca\/International\/wp-json\/wp\/v2\/posts\/113222\/revisions"}],"wp:attachment":[{"href":"https:\/\/linitiative.ca\/International\/wp-json\/wp\/v2\/media?parent=113222"}],"wp:term":[{"taxonomy":"category","embeddable":true,"href":"https:\/\/linitiative.ca\/International\/wp-json\/wp\/v2\/categories?post=113222"},{"taxonomy":"post_tag","embeddable":true,"href":"https:\/\/linitiative.ca\/International\/wp-json\/wp\/v2\/tags?post=113222"}],"curies":[{"name":"wp","href":"https:\/\/api.w.org\/{rel}","templated":true}]}}