{"id":113223,"date":"2021-03-17T10:37:48","date_gmt":"2021-03-17T14:37:48","guid":{"rendered":"https:\/\/linitiative.ca\/International\/%ef%bb%bfun-conseil-de-defense-pour-trancher-sur-le-reconfinement-de-paris-et-sa-region\/"},"modified":"2021-03-17T10:37:48","modified_gmt":"2021-03-17T14:37:48","slug":"%ef%bb%bfun-conseil-de-defense-pour-trancher-sur-le-reconfinement-de-paris-et-sa-region","status":"publish","type":"post","link":"https:\/\/linitiative.ca\/International\/%ef%bb%bfun-conseil-de-defense-pour-trancher-sur-le-reconfinement-de-paris-et-sa-region\/","title":{"rendered":"\ufeffUn conseil de d\u00e9fense pour trancher sur le reconfinement de Paris et sa r\u00e9gion"},"content":{"rendered":"<p class=\"has-text-color has-vivid-cyan-blue-color c1\"><strong>Evolution de la pand\u00e9mie du Covid-19 en France<\/strong><\/p>\n<p><strong>Confiner ou non durant le week-end la r\u00e9gion \u00cele-de-France, confront\u00e9e \u00e0 une flamb\u00e9e inqui\u00e9tante de cas de contamination au Covid-19, notamment son variant britannique? La question doit \u00eatre tranch\u00e9e ce mercredi lors d\u2019un Conseil de d\u00e9fense qualifi\u00e9 de \u00ab\u00a0crucial\u00a0\u00bb.<\/strong><\/p>\n<p>Selon les m\u00e9dias de l\u2019Hexagone, l\u2019ex\u00e9cutif se pr\u00e9pare \u00e0 annoncer dans quelques heures des mesures de restriction d\u2019ampleur pour cette r\u00e9gion consid\u00e9r\u00e9e comme le \u00ab\u00a0poumon \u00e9conomique\u00a0\u00bb de la France et qui concentre une population de plus de 12 millions de personnes.<\/p>\n<p>R\u00e9ticent jusqu\u2019ici \u00e0 d\u00e9cr\u00e9ter le confinement de la r\u00e9gion parisienne, en raison des r\u00e9percussions \u00e9conomiques que cela entra\u00eenerait sur l\u2019ensemble du pays, le gouvernement fran\u00e7ais semble se r\u00e9signer \u00e0 y recourir face \u00e0 la d\u00e9ferlante de la troisi\u00e8me vague de l\u2019\u00e9pid\u00e9mie et une vaccination frein\u00e9e par les doutes sur le vaccin AstraZeneca, mais aussi pour faire taire les critiques qui lui sont adress\u00e9es.<\/p>\n<p>En effet, tous les clignotants sont dans le rouge en Ile-de-France. Selon des chiffres officiels, le taux d\u2019incidence a de nouveau grimp\u00e9 \u00e0 418 nouveaux cas de contamination pour 100.000 habitants sur les sept derniers jours dans la r\u00e9gion parisienne, bien au-dessus du seuil dit d&rsquo;\u00a0\u00bbalerte maximale\u00a0\u00bb des autorit\u00e9s sanitaires (250).<\/p>\n<p>Sous pression, les h\u00f4pitaux d\u2019Ile-de-France ont d\u00e9cid\u00e9 de d\u00e9programmer pr\u00e8s de la moiti\u00e9 de leurs op\u00e9rations non urgentes, et les \u00e9vacuations sanitaires a\u00e9roport\u00e9es de malades vers des r\u00e9gions moins impact\u00e9es, commenc\u00e9es le week-end dernier, doivent se poursuivre durant cette semaine.<\/p>\n<p>Pour pr\u00e9parer l\u2019opinion publique \u00e0 un \u00e9ventuel reconfinement de cette r\u00e9gion, le Premier ministre Jean Castex a averti, mardi soir, que \u00ab\u00a0le moment est venu pour envisager des dispositions pour la r\u00e9gion francilienne\u00a0\u00bb.<br \/>\u00ab\u00a0Des mesures du type de Nice sont sur la table\u00a0\u00bb, a-t-il affirm\u00e9 sur BFMTV, ajoutant que \u00ab\u00a0reconfiner le week-end, c\u2019est une hypoth\u00e8se\u00a0\u00bb, comme c\u2019est d\u00e9j\u00e0 le cas dans les agglom\u00e9rations de Nice, Dunkerque et dans le Pas-de-Calais.<\/p>\n<p>Pour sortir de la crise, la France compte sur la vaccination de masse, frein\u00e9e depuis lundi par la suspension surprise du vaccin d\u2019AstraZeneca. L\u2019ex\u00e9cutif esp\u00e8re que l\u2019Autorit\u00e9 europ\u00e9enne du m\u00e9dicament (EMA) redonnera son feu vert jeudi, afin de red\u00e9marrer rapidement la campagne vaccinale.<\/p>\n<p>Auteur: M&rsquo;hammed rahal<br \/>\n<a href=\"http:\/\/albayane.press.ma\/%EF%BB%BFun-conseil-de-defense-pour-trancher-sur-le-reconfinement-de-paris-et-sa-region-2.html\">Cliquez ici pour lire l&rsquo;article depuis sa source.<\/a><\/p>\n","protected":false},"excerpt":{"rendered":"<p>Evolution de la pand\u00e9mie du Covid-19 en France Confiner ou non durant le week-end la r\u00e9gion \u00cele-de-France, confront\u00e9e \u00e0 une flamb\u00e9e inqui\u00e9tante de cas de contamination au Covid-19, notamment son variant britannique? La question doit \u00eatre tranch\u00e9e ce mercredi lors d\u2019un Conseil de d\u00e9fense qualifi\u00e9 de \u00ab\u00a0crucial\u00a0\u00bb. Selon les m\u00e9dias de l\u2019Hexagone, l\u2019ex\u00e9cutif se pr\u00e9pare [&hellip;]<\/p>\n","protected":false},"author":1760,"featured_media":0,"comment_status":"closed","ping_status":"closed","sticky":false,"template":"","format":"standard","meta":{"fifu_image_url":"","fifu_image_alt":"","footnotes":""},"categories":[73,54],"tags":[],"class_list":["post-113223","post","type-post","status-publish","format-standard","hentry","category-actualite","category-maroc"],"_links":{"self":[{"href":"https:\/\/linitiative.ca\/International\/wp-json\/wp\/v2\/posts\/113223","targetHints":{"allow":["GET"]}}],"collection":[{"href":"https:\/\/linitiative.ca\/International\/wp-json\/wp\/v2\/posts"}],"about":[{"href":"https:\/\/linitiative.ca\/International\/wp-json\/wp\/v2\/types\/post"}],"author":[{"embeddable":true,"href":"https:\/\/linitiative.ca\/International\/wp-json\/wp\/v2\/users\/1760"}],"replies":[{"embeddable":true,"href":"https:\/\/linitiative.ca\/International\/wp-json\/wp\/v2\/comments?post=113223"}],"version-history":[{"count":0,"href":"https:\/\/linitiative.ca\/International\/wp-json\/wp\/v2\/posts\/113223\/revisions"}],"wp:attachment":[{"href":"https:\/\/linitiative.ca\/International\/wp-json\/wp\/v2\/media?parent=113223"}],"wp:term":[{"taxonomy":"category","embeddable":true,"href":"https:\/\/linitiative.ca\/International\/wp-json\/wp\/v2\/categories?post=113223"},{"taxonomy":"post_tag","embeddable":true,"href":"https:\/\/linitiative.ca\/International\/wp-json\/wp\/v2\/tags?post=113223"}],"curies":[{"name":"wp","href":"https:\/\/api.w.org\/{rel}","templated":true}]}}