{"id":113226,"date":"2021-03-17T06:59:00","date_gmt":"2021-03-17T10:59:00","guid":{"rendered":"https:\/\/linitiative.ca\/International\/le-vaccin-astrazeneca-en-tunisie-doute-et-apprehension\/"},"modified":"2021-03-17T06:59:00","modified_gmt":"2021-03-17T10:59:00","slug":"le-vaccin-astrazeneca-en-tunisie-doute-et-apprehension","status":"publish","type":"post","link":"https:\/\/linitiative.ca\/International\/le-vaccin-astrazeneca-en-tunisie-doute-et-apprehension\/","title":{"rendered":"Le vaccin AstraZeneca en Tunisie : doute et appr\u00e9hension"},"content":{"rendered":"<div class=\"td-post-content\">\n<h2>A l\u2019heure o\u00f9 plus de la moiti\u00e9 des Tunisiens rechignent \u00e0 se faire vacciner, l\u2019arriv\u00e9e du tr\u00e8s controvers\u00e9 vaccin britannique AstraZeneca, suspendu par 16 pays europ\u00e9ens, ne fait que renforcer les arguments des plus r\u00e9calcitrants de nos compatriotes.<\/h2>\n<p>Pas de doute possible. Nos autorit\u00e9s sanitaires ont mal g\u00e9r\u00e9 le dossier de la\u00a0<strong>vaccination<\/strong>\u00a0de la population. Ainsi, faute d\u2019anticipation, nous avons pris un retard scandaleux. Alors que nos voisins alg\u00e9riens et marocains vaccinaient leurs citoyens \u00e0 tour de bras depuis des mois. Par cons\u00e9quent, il est l\u00e9gitime de penser qu\u2019avec le recul, nos responsables auraient au moins pu profiter \u00e0 bon escient de l\u2019exp\u00e9rience des autres nations. H\u00e9las, nous manquons d\u2019audace et surtout de perspicacit\u00e9. Et la pol\u00e9mique autour du vaccin AstraZeneca en est encore la preuve.<\/p>\n<h2>Dr\u00f4le d\u2019annonce<\/h2>\n<p>Sinon comment expliquer, qu\u2019alors que plus de la moiti\u00e9 de nos citoyens affiche son hostilit\u00e9 \u00e0 toute vaccination contre la Covid-19, que notre ministre de la Sant\u00e9, Faouzi Mahdi, annonce avec fracas l\u2019arriv\u00e9e imminente d\u2019environ\u00a0<strong>136 000 doses<\/strong>\u00a0du tr\u00e8s controvers\u00e9 vaccin britannique AstraZeneca. Lequel soul\u00e8ve une vague de doute et d\u2019appr\u00e9hension dans le monde?<\/p>\n<p>Et ce, dans le cadre des achats financ\u00e9s par l\u2019initiative\u00a0<a href=\"https:\/\/www.gavi.org\/fr\/facilite-covax\" target=\"_blank\" rel=\"noopener noreferrer\">COVAX<\/a>\u00a0de l\u2019Organisation mondiale de la sant\u00e9. Une aum\u00f4ne d\u00e9guis\u00e9e. De plus, le ministre assure, que le processus de vaccination \u00ab sera s\u00fbr et ne pr\u00e9sentera aucun effet secondaire sur la sant\u00e9 des citoyens \u00bb. Il s\u2019exprimait lors d\u2019une conf\u00e9rence de presse hier mardi.<\/p>\n<p>Une conviction douteuse donc partag\u00e9e par le chef du comit\u00e9 de pilotage de la campagne nationale de vaccination anti Covid 19, Hachemi Louzir. En effet, celui-ci avance que \u00ab plus de 70 millions de personnes ont re\u00e7u ce vaccin, \u00e0 travers le monde. Et elles n\u2019ont eu aucun effet secondaire \u00e0 l\u2019exception de quelques cas \u00bb.<\/p>\n<p>D\u2019ailleurs, nos responsables s\u2019appuient sur les affirmations de l\u2019Organisation mondiale de la sant\u00e9 (OMS) concernant la s\u00e9curit\u00e9 du vaccin AstraZeneca. Alors m\u00eame que plusieurs rapports font \u00e9tat de certains effets dangereux d\u00e9tect\u00e9s chez certaines personnes vaccin\u00e9es.<\/p>\n<h2>Les d\u00e9boires d\u2019un vaccin<\/h2>\n<p>Effectivement, c\u2019est le 08 mars dernier qu\u2019apparaissait en Autriche le premier cas suspect. Ainsi, les autorit\u00e9s sanitaires d\u00e9cid\u00e8rent de suspendre un lot du vaccin britannique. Et ce, suite \u00e0 la mort d\u2019une infirmi\u00e8re de 49 ans. Cette derni\u00e8re d\u00e9c\u00e9dait \u00e0 cause d\u2019une mauvaise coagulation sanguine, dans les heures suivant sa vaccination.<\/p>\n<p>En moins d\u2019une semaine, c\u00e9dant \u00e0 la pression de leur opinion publique, 16 pays europ\u00e9ens suspendaient \u00e9galement l\u2019administration du vaccin AstraZeneca, par \u00ab mesure de pr\u00e9caution \u00bb. Un coup mortel pour le fabriquant du vaccin britannique.<\/p>\n<h2>Psychose<\/h2>\n<p>Et c\u2019est sans aucun doute le prestigieux Institut Paul-Ehrlich, qui conseille le gouvernement f\u00e9d\u00e9ral allemand, qui porta le coup de gr\u00e2ce au s\u00e9rum britannique. En expliquant que \u00ab depuis le 11 mars 2021, d\u2019autres cas ont \u00e9t\u00e9 signal\u00e9s en Allemagne. Lors de l\u2019analyse des nouvelles donn\u00e9es, les experts de l\u2019institut constatent d\u00e9sormais une augmentation notable d\u2019une forme particuli\u00e8re de thrombose veineuse c\u00e9r\u00e9brale tr\u00e8s rare. En relation avec un manque de plaquettes sanguines et des saignements peu de temps apr\u00e8s des vaccinations avec le vaccin Covid-19 AstraZeneca \u00bb.<\/p>\n<p>A savoir que la psychose \u00e9tait telle, que sans attendre la r\u00e9union de\u00a0<a href=\"https:\/\/www.leconomistemaghrebin.com\/2021\/03\/16\/vaccin-astrazeneca-lagence-europeenne-des-medicaments-se-prononce\/\" target=\"_blank\" rel=\"noopener noreferrer\">l\u2019Agence europ\u00e9enne des m\u00e9dicaments<\/a>\u00a0(AEM) pr\u00e9vue le 16 mars, sur le sujet, les Allemands ont imm\u00e9diatement d\u00e9cid\u00e9 de suspendre cette vaccination. Suivis par 15 pays europ\u00e9ens.<\/p>\n<h2>D\u00e9fiance<\/h2>\n<p>Pour revenir \u00e0 la\u00a0<strong>Tunisie<\/strong>, il convient de rappeler que dans l\u2019ensemble, nos concitoyens sont r\u00e9ticents vis-\u00e0-vis des vaccins contre la Covid-19; par crainte des effets secondaires du virus. En l\u2019absence criarde d\u2019informations sur les composantes des vaccins ou par l\u2019espoir d\u2019une immunit\u00e9 collective de facto?<\/p>\n<p>Toujours est-il que tr\u00e8s peu de blouses blanches se sont d\u00e9plac\u00e9es pour se faire vacciner. Et qu\u2019\u00e0 l\u2019heure o\u00f9 nous \u00e9crivons ces lignes, moins de 500 000 personnes se sont inscrites dans l\u2019application evax.tn. Laquelle permet de s\u2019inscrire \u00e0 distance dans le cadre de la campagne de vaccination anti-Covid.<\/p>\n<p>D\u2019ailleurs, selon une r\u00e9cente enqu\u00eate de l\u2019institut d\u2019\u00e9tudes Emrhod Consulting, seulement 41% des Tunisiens se disent pr\u00eats \u00e0 se faire vacciner contre le coronavirus. Toutefois, ce taux augmente chez les m\u00e9decins pour atteindre 65%. Alors que 46% des personnes sond\u00e9es sont contre la vaccination.<\/p>\n<p>Au final, avec l\u2019annonce de l\u2019arriv\u00e9e du tr\u00e8s controvers\u00e9 vaccin britannique, peu de citoyens auront la t\u00e9m\u00e9rit\u00e9 de servir de cobaye. Et c\u2019est tout \u00e0 fait compr\u00e9hensible.<\/p>\n<\/div>\n<footer>\n<div class=\"td-post-source-tags\">\n<ul class=\"td-tags td-post-small-box clearfix\">\n<li><strong>leconomistemaghrebin<\/strong><\/li>\n<\/ul>\n<\/div>\n<\/footer>\n<div class=\"wp-post-author-wrap wp-post-author-shortcode left\">\n<h3 class=\"awpa-title\"\/>\n<div class=\"wp-post-author\">\n<div class=\"awpa-img awpa-author-block square\"><a href=\"http:\/\/lexpertjournal.net\/fr\/?author=5\"><img loading=\"lazy\" decoding=\"async\" alt=\"\" src=\"http:\/\/0.gravatar.com\/avatar\/97f8e10a1c1125ba104a76514ee07b16?s=150&amp;d=mm&amp;r=g\" srcset=\"http:\/\/0.gravatar.com\/avatar\/97f8e10a1c1125ba104a76514ee07b16?s=300&amp;d=mm&amp;r=g 2x\" class=\"avatar avatar-150 photo\" height=\"150\" width=\"150\"\/><\/a><\/div>\n<\/div>\n<\/div>\n<aside class=\"mashsb-container mashsb-main mashsb-stretched\">\n<\/aside>\n<p>Auteur: L&rsquo;expert<br \/>\n<a href=\"http:\/\/lexpertjournal.net\/fr\/?p=19190\">Cliquez ici pour lire l&rsquo;article depuis sa source.<\/a><\/p>\n","protected":false},"excerpt":{"rendered":"<p>A l\u2019heure o\u00f9 plus de la moiti\u00e9 des Tunisiens rechignent \u00e0 se faire vacciner, l\u2019arriv\u00e9e du tr\u00e8s controvers\u00e9 vaccin britannique AstraZeneca, suspendu par 16 pays europ\u00e9ens, ne fait que renforcer les arguments des plus r\u00e9calcitrants de nos compatriotes. Pas de doute possible. Nos autorit\u00e9s sanitaires ont mal g\u00e9r\u00e9 le dossier de la\u00a0vaccination\u00a0de la population. Ainsi, [&hellip;]<\/p>\n","protected":false},"author":1775,"featured_media":0,"comment_status":"closed","ping_status":"closed","sticky":false,"template":"","format":"standard","meta":{"fifu_image_url":"http:\/\/0.gravatar.com\/avatar\/97f8e10a1c1125ba104a76514ee07b16?s=150&d=mm&r=g","fifu_image_alt":"Le vaccin AstraZeneca en Tunisie : doute et appr\u00e9hension","footnotes":""},"categories":[78,55],"tags":[],"class_list":["post-113226","post","type-post","status-publish","format-standard","hentry","category-economie","category-tunisie"],"_links":{"self":[{"href":"https:\/\/linitiative.ca\/International\/wp-json\/wp\/v2\/posts\/113226","targetHints":{"allow":["GET"]}}],"collection":[{"href":"https:\/\/linitiative.ca\/International\/wp-json\/wp\/v2\/posts"}],"about":[{"href":"https:\/\/linitiative.ca\/International\/wp-json\/wp\/v2\/types\/post"}],"author":[{"embeddable":true,"href":"https:\/\/linitiative.ca\/International\/wp-json\/wp\/v2\/users\/1775"}],"replies":[{"embeddable":true,"href":"https:\/\/linitiative.ca\/International\/wp-json\/wp\/v2\/comments?post=113226"}],"version-history":[{"count":0,"href":"https:\/\/linitiative.ca\/International\/wp-json\/wp\/v2\/posts\/113226\/revisions"}],"wp:attachment":[{"href":"https:\/\/linitiative.ca\/International\/wp-json\/wp\/v2\/media?parent=113226"}],"wp:term":[{"taxonomy":"category","embeddable":true,"href":"https:\/\/linitiative.ca\/International\/wp-json\/wp\/v2\/categories?post=113226"},{"taxonomy":"post_tag","embeddable":true,"href":"https:\/\/linitiative.ca\/International\/wp-json\/wp\/v2\/tags?post=113226"}],"curies":[{"name":"wp","href":"https:\/\/api.w.org\/{rel}","templated":true}]}}