{"id":113230,"date":"2021-03-17T05:30:00","date_gmt":"2021-03-17T09:30:00","guid":{"rendered":"https:\/\/linitiative.ca\/International\/akli-tadjer-retenu-au-prix-maison-de-la-presse-2021\/"},"modified":"2021-03-17T05:30:00","modified_gmt":"2021-03-17T09:30:00","slug":"akli-tadjer-retenu-au-prix-maison-de-la-presse-2021","status":"publish","type":"post","link":"https:\/\/linitiative.ca\/International\/akli-tadjer-retenu-au-prix-maison-de-la-presse-2021\/","title":{"rendered":"Akli Tadjer retenu au prix \u201cMaison de la Presse 2021\u201d"},"content":{"rendered":"<div id=\"originalText\" readability=\"45\">\n<p>L\u2019\u00e9crivain alg\u00e9rien Akli Tadjer a \u00e9t\u00e9 retenu pour concourir au prix \u201cMaison de la Presse 2021\u201d.<\/p>\n<p>S\u00e9lectionn\u00e9 parmi 14 autres\u00a0 auteurs, Akli Tadjer participera\u00a0 avec\u00a0 son dernier roman D\u2019amour et de guerre, paru le 4 mars dernier aux \u00e9ditions\u00a0 Les Escales, un roman qui met en \u00e9vidence la qu\u00eate \u00e9perdue d\u2019amour et de libert\u00e9 d\u2019un jeune soldat kabyle propuls\u00e9 dans\u00a0 un\u00a0 monde\u00a0 devenu f ou\u00a0 dans\u00a0 les\u00a0 montagnes\u00a0 de Kabylie.<\/p>\n<p>\u00c0 noter que le prix \u201cMaison de la Presse\u201d r\u00e9compense chaque ann\u00e9e le roman d\u2019un auteur en langue fran\u00e7aise. Une seconde s\u00e9lection se d\u00e9roulera fin mars pour ne retenir que six ouvrages parmi les quatorze en lice.<\/p>\n<\/div>\n<div id=\"text_core\" readability=\"45\">\n<p>L\u2019\u00e9crivain alg\u00e9rien Akli Tadjer a \u00e9t\u00e9 retenu pour concourir au prix \u201cMaison de la Presse 2021\u201d.<\/p>\n<p>S\u00e9lectionn\u00e9 parmi 14 autres\u00a0 auteurs, Akli Tadjer participera\u00a0 avec\u00a0 son dernier roman D\u2019amour et de guerre, paru le 4 mars dernier aux \u00e9ditions\u00a0 Les Escales, un roman qui met en \u00e9vidence la qu\u00eate \u00e9perdue d\u2019amour et de libert\u00e9 d\u2019un jeune soldat kabyle propuls\u00e9 dans\u00a0 un\u00a0 monde\u00a0 devenu f ou\u00a0 dans\u00a0 les\u00a0 montagnes\u00a0 de Kabylie.<\/p>\n<p>\u00c0 noter que le prix \u201cMaison de la Presse\u201d r\u00e9compense chaque ann\u00e9e le roman d\u2019un auteur en langue fran\u00e7aise. Une seconde s\u00e9lection se d\u00e9roulera fin mars pour ne retenir que six ouvrages parmi les quatorze en lice.<\/p>\n<\/div>\n<p>Auteur:<br \/>\n<a href=\"https:\/\/www.liberte-algerie.com\/radar\/akli-tadjer-retenu-au-prix-maison-de-la-presse-2021-355662\">Cliquez ici pour lire l&rsquo;article depuis sa source.<\/a><\/p>\n","protected":false},"excerpt":{"rendered":"<p>L\u2019\u00e9crivain alg\u00e9rien Akli Tadjer a \u00e9t\u00e9 retenu pour concourir au prix \u201cMaison de la Presse 2021\u201d. S\u00e9lectionn\u00e9 parmi 14 autres\u00a0 auteurs, Akli Tadjer participera\u00a0 avec\u00a0 son dernier roman D\u2019amour et de guerre, paru le 4 mars dernier aux \u00e9ditions\u00a0 Les Escales, un roman qui met en \u00e9vidence la qu\u00eate \u00e9perdue d\u2019amour et de libert\u00e9 d\u2019un [&hellip;]<\/p>\n","protected":false},"author":1742,"featured_media":0,"comment_status":"closed","ping_status":"closed","sticky":false,"template":"","format":"standard","meta":{"fifu_image_url":"","fifu_image_alt":"","footnotes":""},"categories":[73,53],"tags":[],"class_list":["post-113230","post","type-post","status-publish","format-standard","hentry","category-actualite","category-algerie"],"_links":{"self":[{"href":"https:\/\/linitiative.ca\/International\/wp-json\/wp\/v2\/posts\/113230","targetHints":{"allow":["GET"]}}],"collection":[{"href":"https:\/\/linitiative.ca\/International\/wp-json\/wp\/v2\/posts"}],"about":[{"href":"https:\/\/linitiative.ca\/International\/wp-json\/wp\/v2\/types\/post"}],"author":[{"embeddable":true,"href":"https:\/\/linitiative.ca\/International\/wp-json\/wp\/v2\/users\/1742"}],"replies":[{"embeddable":true,"href":"https:\/\/linitiative.ca\/International\/wp-json\/wp\/v2\/comments?post=113230"}],"version-history":[{"count":0,"href":"https:\/\/linitiative.ca\/International\/wp-json\/wp\/v2\/posts\/113230\/revisions"}],"wp:attachment":[{"href":"https:\/\/linitiative.ca\/International\/wp-json\/wp\/v2\/media?parent=113230"}],"wp:term":[{"taxonomy":"category","embeddable":true,"href":"https:\/\/linitiative.ca\/International\/wp-json\/wp\/v2\/categories?post=113230"},{"taxonomy":"post_tag","embeddable":true,"href":"https:\/\/linitiative.ca\/International\/wp-json\/wp\/v2\/tags?post=113230"}],"curies":[{"name":"wp","href":"https:\/\/api.w.org\/{rel}","templated":true}]}}