{"id":113231,"date":"2021-03-17T05:30:00","date_gmt":"2021-03-17T09:30:00","guid":{"rendered":"https:\/\/linitiative.ca\/International\/la-langue-de-moliere-compte-sur-lalgerie-et-la-rd-du-congo\/"},"modified":"2021-03-17T05:30:00","modified_gmt":"2021-03-17T09:30:00","slug":"la-langue-de-moliere-compte-sur-lalgerie-et-la-rd-du-congo","status":"publish","type":"post","link":"https:\/\/linitiative.ca\/International\/la-langue-de-moliere-compte-sur-lalgerie-et-la-rd-du-congo\/","title":{"rendered":"La langue de Moli\u00e8re compte sur l\u2019Alg\u00e9rie et la RD du Congo"},"content":{"rendered":"<div id=\"originalText\" readability=\"58\">\n<p>Parl\u00e9 par\u00a0 plus de 300 millions\u00a0 de\u00a0 personnes\u00a0 dans les 88 pays\u00a0 membres de l\u2019Organisation internationale de la francophonie (OIF), \u201cle fran\u00e7ais, port\u00e9 par la croissance d\u00e9mographique en Afrique, pourrait devenir la troisi\u00e8me langue du monde \u00e0 l\u2019horizon 2050\u201d.<\/p>\n<p>C\u2019est ce qui ressort d\u2019une \u00e9tude publi\u00e9e avant-hier, r\u00e9v\u00e9lant que la langue de Moli\u00e8re\u00a0 est\u00a0 parl\u00e9e\u00a0 par\u00a0 13,8\u00a0 millions\u00a0 d\u2019Alg\u00e9riens\u00a0 (3e position),\u00a0 derri\u00e8re\u00a0 la France (66,1 millions) et la R\u00e9publique d\u00e9mocratique du Congo (42,5 millions).<\/p>\n<p>Selon cette \u00e9tude, la langue fran\u00e7aise qui est, pour le moment, \u201ctroisi\u00e8me langue\u00a0 des\u00a0 affaires\u201d, \u201cquatri\u00e8me\u00a0 langue\u00a0 sur\u00a0 internet\u00a0 par\u00a0 son\u00a0 nombre d\u2019utilisateurs\u201d et \u201ccinqui\u00e8me langue du monde\u201d, est, en sus, \u00e9tudi\u00e9e par 81,6 millions d\u2019\u00e9l\u00e8ves dans 36 pays.<\/p>\n<\/div>\n<div id=\"text_core\" readability=\"58\">\n<p>Parl\u00e9 par\u00a0 plus de 300 millions\u00a0 de\u00a0 personnes\u00a0 dans les 88 pays\u00a0 membres de l\u2019Organisation internationale de la francophonie (OIF), \u201cle fran\u00e7ais, port\u00e9 par la croissance d\u00e9mographique en Afrique, pourrait devenir la troisi\u00e8me langue du monde \u00e0 l\u2019horizon 2050\u201d.<\/p>\n<p>C\u2019est ce qui ressort d\u2019une \u00e9tude publi\u00e9e avant-hier, r\u00e9v\u00e9lant que la langue de Moli\u00e8re\u00a0 est\u00a0 parl\u00e9e\u00a0 par\u00a0 13,8\u00a0 millions\u00a0 d\u2019Alg\u00e9riens\u00a0 (3e position),\u00a0 derri\u00e8re\u00a0 la France (66,1 millions) et la R\u00e9publique d\u00e9mocratique du Congo (42,5 millions).<\/p>\n<p>Selon cette \u00e9tude, la langue fran\u00e7aise qui est, pour le moment, \u201ctroisi\u00e8me langue\u00a0 des\u00a0 affaires\u201d, \u201cquatri\u00e8me\u00a0 langue\u00a0 sur\u00a0 internet\u00a0 par\u00a0 son\u00a0 nombre d\u2019utilisateurs\u201d et \u201ccinqui\u00e8me langue du monde\u201d, est, en sus, \u00e9tudi\u00e9e par 81,6 millions d\u2019\u00e9l\u00e8ves dans 36 pays.<\/p>\n<\/div>\n<p>Auteur:<br \/>\n<a href=\"https:\/\/www.liberte-algerie.com\/radar\/la-langue-de-moliere-compte-sur-lalgerie-et-la-rd-du-congo-355661\">Cliquez ici pour lire l&rsquo;article depuis sa source.<\/a><\/p>\n","protected":false},"excerpt":{"rendered":"<p>Parl\u00e9 par\u00a0 plus de 300 millions\u00a0 de\u00a0 personnes\u00a0 dans les 88 pays\u00a0 membres de l\u2019Organisation internationale de la francophonie (OIF), \u201cle fran\u00e7ais, port\u00e9 par la croissance d\u00e9mographique en Afrique, pourrait devenir la troisi\u00e8me langue du monde \u00e0 l\u2019horizon 2050\u201d. C\u2019est ce qui ressort d\u2019une \u00e9tude publi\u00e9e avant-hier, r\u00e9v\u00e9lant que la langue de Moli\u00e8re\u00a0 est\u00a0 parl\u00e9e\u00a0 [&hellip;]<\/p>\n","protected":false},"author":1742,"featured_media":0,"comment_status":"closed","ping_status":"closed","sticky":false,"template":"","format":"standard","meta":{"fifu_image_url":"","fifu_image_alt":"","footnotes":""},"categories":[73,53],"tags":[],"class_list":["post-113231","post","type-post","status-publish","format-standard","hentry","category-actualite","category-algerie"],"_links":{"self":[{"href":"https:\/\/linitiative.ca\/International\/wp-json\/wp\/v2\/posts\/113231","targetHints":{"allow":["GET"]}}],"collection":[{"href":"https:\/\/linitiative.ca\/International\/wp-json\/wp\/v2\/posts"}],"about":[{"href":"https:\/\/linitiative.ca\/International\/wp-json\/wp\/v2\/types\/post"}],"author":[{"embeddable":true,"href":"https:\/\/linitiative.ca\/International\/wp-json\/wp\/v2\/users\/1742"}],"replies":[{"embeddable":true,"href":"https:\/\/linitiative.ca\/International\/wp-json\/wp\/v2\/comments?post=113231"}],"version-history":[{"count":0,"href":"https:\/\/linitiative.ca\/International\/wp-json\/wp\/v2\/posts\/113231\/revisions"}],"wp:attachment":[{"href":"https:\/\/linitiative.ca\/International\/wp-json\/wp\/v2\/media?parent=113231"}],"wp:term":[{"taxonomy":"category","embeddable":true,"href":"https:\/\/linitiative.ca\/International\/wp-json\/wp\/v2\/categories?post=113231"},{"taxonomy":"post_tag","embeddable":true,"href":"https:\/\/linitiative.ca\/International\/wp-json\/wp\/v2\/tags?post=113231"}],"curies":[{"name":"wp","href":"https:\/\/api.w.org\/{rel}","templated":true}]}}