{"id":113232,"date":"2021-03-17T08:22:00","date_gmt":"2021-03-17T12:22:00","guid":{"rendered":"https:\/\/linitiative.ca\/International\/dalila-touat-condamnee-a-deux-mois-de-prison-avec-sursis\/"},"modified":"2021-03-17T08:22:00","modified_gmt":"2021-03-17T12:22:00","slug":"dalila-touat-condamnee-a-deux-mois-de-prison-avec-sursis","status":"publish","type":"post","link":"https:\/\/linitiative.ca\/International\/dalila-touat-condamnee-a-deux-mois-de-prison-avec-sursis\/","title":{"rendered":"Dalila Touat condamn\u00e9e \u00e0 deux mois de prison avec sursis"},"content":{"rendered":"<div id=\"originalText\" readability=\"49\">\n<p>Condamn\u00e9e en premi\u00e8re instance deux peines de deux ann\u00e9es et 18 mois de prison ferme, la militante des droits de l&rsquo;Homme Dalila Touat a vu ses condamnations ramen\u00e9es \u00e0 deux mois de prison avec sursis et 20 000 DA d&rsquo;amende par la cour d&rsquo;appel de Mostaganem.<\/p>\n<p>En novembre 2020, l&rsquo;activiste avait \u00e9cop\u00e9 de deux ann\u00e9es de prison ferme sans mandat de d\u00e9p\u00f4t pour perturbation du R\u00e9f\u00e9rendum sur la Constitution et outrage \u00e0 fonctionnaire, avant d&rsquo;\u00eatre condamn\u00e9e en janvier 2021 \u00e0 18 mois de prison ferme pour \u00ab outrage \u00e0 fonctionnaires et institutions de l\u2019\u00c9tat \u00bb, \u00ab diffamation \u00bb et \u00ab publications portant atteinte \u00e0 l\u2019ordre public \u00bb.<\/p>\n<p>\u00a0Lors des deux proc\u00e8s en appel qui ont eu lieu le 3 mars dernier, le procureur de la R\u00e9publique avait requis la confirmation des premi\u00e8res peines.<\/p>\n<p class=\"c6\">\u00a0<\/p>\n<p class=\"c6\"><strong>S. Ould Ali\u00a0\/ R\u00e9daction WEB<\/strong><\/p>\n<\/div>\n<div id=\"text_core\" readability=\"49\">\n<p>Condamn\u00e9e en premi\u00e8re instance deux peines de deux ann\u00e9es et 18 mois de prison ferme, la militante des droits de l&rsquo;Homme Dalila Touat a vu ses condamnations ramen\u00e9es \u00e0 deux mois de prison avec sursis et 20 000 DA d&rsquo;amende par la cour d&rsquo;appel de Mostaganem.<\/p>\n<p>En novembre 2020, l&rsquo;activiste avait \u00e9cop\u00e9 de deux ann\u00e9es de prison ferme sans mandat de d\u00e9p\u00f4t pour perturbation du R\u00e9f\u00e9rendum sur la Constitution et outrage \u00e0 fonctionnaire, avant d&rsquo;\u00eatre condamn\u00e9e en janvier 2021 \u00e0 18 mois de prison ferme pour \u00ab outrage \u00e0 fonctionnaires et institutions de l\u2019\u00c9tat \u00bb, \u00ab diffamation \u00bb et \u00ab publications portant atteinte \u00e0 l\u2019ordre public \u00bb.<\/p>\n<p>\u00a0Lors des deux proc\u00e8s en appel qui ont eu lieu le 3 mars dernier, le procureur de la R\u00e9publique avait requis la confirmation des premi\u00e8res peines.<\/p>\n<p class=\"c6\">\u00a0<\/p>\n<p class=\"c6\"><strong>S. Ould Ali\u00a0\/ R\u00e9daction WEB<\/strong><\/p>\n<\/div>\n<p>Auteur:<br \/>\n<a href=\"https:\/\/www.liberte-algerie.com\/actualite\/dalila-touat-condamnee-a-deux-mois-de-prison-avec-sursis-355721\">Cliquez ici pour lire l&rsquo;article depuis sa source.<\/a><\/p>\n","protected":false},"excerpt":{"rendered":"<p>Condamn\u00e9e en premi\u00e8re instance deux peines de deux ann\u00e9es et 18 mois de prison ferme, la militante des droits de l&rsquo;Homme Dalila Touat a vu ses condamnations ramen\u00e9es \u00e0 deux mois de prison avec sursis et 20 000 DA d&rsquo;amende par la cour d&rsquo;appel de Mostaganem. En novembre 2020, l&rsquo;activiste avait \u00e9cop\u00e9 de deux ann\u00e9es [&hellip;]<\/p>\n","protected":false},"author":1742,"featured_media":0,"comment_status":"closed","ping_status":"closed","sticky":false,"template":"","format":"standard","meta":{"fifu_image_url":"","fifu_image_alt":"","footnotes":""},"categories":[73,53],"tags":[],"class_list":["post-113232","post","type-post","status-publish","format-standard","hentry","category-actualite","category-algerie"],"_links":{"self":[{"href":"https:\/\/linitiative.ca\/International\/wp-json\/wp\/v2\/posts\/113232","targetHints":{"allow":["GET"]}}],"collection":[{"href":"https:\/\/linitiative.ca\/International\/wp-json\/wp\/v2\/posts"}],"about":[{"href":"https:\/\/linitiative.ca\/International\/wp-json\/wp\/v2\/types\/post"}],"author":[{"embeddable":true,"href":"https:\/\/linitiative.ca\/International\/wp-json\/wp\/v2\/users\/1742"}],"replies":[{"embeddable":true,"href":"https:\/\/linitiative.ca\/International\/wp-json\/wp\/v2\/comments?post=113232"}],"version-history":[{"count":0,"href":"https:\/\/linitiative.ca\/International\/wp-json\/wp\/v2\/posts\/113232\/revisions"}],"wp:attachment":[{"href":"https:\/\/linitiative.ca\/International\/wp-json\/wp\/v2\/media?parent=113232"}],"wp:term":[{"taxonomy":"category","embeddable":true,"href":"https:\/\/linitiative.ca\/International\/wp-json\/wp\/v2\/categories?post=113232"},{"taxonomy":"post_tag","embeddable":true,"href":"https:\/\/linitiative.ca\/International\/wp-json\/wp\/v2\/tags?post=113232"}],"curies":[{"name":"wp","href":"https:\/\/api.w.org\/{rel}","templated":true}]}}