{"id":113233,"date":"2021-03-17T10:56:22","date_gmt":"2021-03-17T14:56:22","guid":{"rendered":"https:\/\/linitiative.ca\/International\/une-campagne-de-don-de-sang-au-centre-universitaire-de-la-ville\/"},"modified":"2021-03-17T10:56:22","modified_gmt":"2021-03-17T14:56:22","slug":"une-campagne-de-don-de-sang-au-centre-universitaire-de-la-ville","status":"publish","type":"post","link":"https:\/\/linitiative.ca\/International\/une-campagne-de-don-de-sang-au-centre-universitaire-de-la-ville\/","title":{"rendered":"Une campagne de don de sang au Centre universitaire de la ville"},"content":{"rendered":"<div readability=\"35\">\n<p>Kela\u00e2 des Sraghna \u2013 Le Centre universitaire de Kela\u00e2 des Sraghna a organis\u00e9, les 15 et 16 mars courant, une campagne de don de sang sous le th\u00e8me \u00ab\u00a0Un petit geste peut sauver des vies\u00a0\u00bb.<\/p>\n<\/div>\n<div readability=\"91\">\n<p>Organis\u00e9e en coordination avec le Centre r\u00e9gional de transfusion sanguine (CRTS) de Marrakech et le Centre de l\u2019enseignement inclusif et de la responsabilit\u00e9 sociale \u00e0 l\u2019universit\u00e9, cette initiative solidaire et humaine vise \u00e0 consacrer les valeurs de solidarit\u00e9 et de citoyennet\u00e9 aupr\u00e8s des \u00e9tudiants, ainsi qu\u2019\u00e0 renforcer l\u2019ouverture de l\u2019universit\u00e9 sur son environnement socio\u00e9conomique.<\/p>\n<p>Cette campagne a connu un grand engouement de la part des \u00e9tudiants et responsables du centre universitaire de Kela\u00e2 des Sraghna.<\/p>\n<p>Le directeur du centre universitaire de Kela\u00e2 des Sraghna, Dr. Mohamed El Ghali, a soulign\u00e9 que cette campagne co\u00efncide avec une conjoncture difficile li\u00e9e \u00e0 la crise sanitaire de la Covid-19, appelant \u00e0 poursuivre cet \u00e9lan de solidarit\u00e9 au niveau national.<\/p>\n<p>Dans une d\u00e9claration \u00e0 la MAP, il a relev\u00e9 l\u2019importance de poursuivre les op\u00e9rations de don de sang \u00e0 un rythme normal afin de r\u00e9pondre aux besoins en cette mati\u00e8re vitale pour les malades souffrant de maladies chroniques et des cas urgents r\u00e9sultant d\u2019accidents de la route ou de travail.<\/p>\n<p>M.El Ghali a soulign\u00e9 que cette initiative, qui est devenue un rendez-vous annuel depuis 2016 \u00e0 travers les activit\u00e9s et les initiatives humaines men\u00e9es par l\u2019Universit\u00e9 Cadi Ayyad de Marrakech (UCAM) en collaboration avec ses diff\u00e9rents partenaires, repr\u00e9sente une action humaine par excellence traduisant la responsabilit\u00e9 sociale de cet \u00e9tablissement public.<\/p>\n<p>Le responsable universitaire a estim\u00e9 que \u00ab\u00a0si la pand\u00e9mie de la Covid-19 a focalis\u00e9 les attentions, elle ne doit pas cependant impacter n\u00e9gativement nos valeurs solidaires et humaines, qui caract\u00e9risent les Marocains de tout temps\u00a0\u00bb.<\/p>\n<p>Le responsable des caravanes de don de sang au CRTS, M. Mahmoud Abghach, a mis en relief le partenariat liant le centre et l\u2019UCA, qui a permis de mettre en place un programme annuel ciblant tous les \u00e9tablissements universitaires relevant de l\u2019UCA.<\/p>\n<p>Dans une d\u00e9claration similaire, il a relev\u00e9 que l\u2019UCA a toujours \u00e9t\u00e9 impliqu\u00e9e dans les efforts du CRTS visant \u00e0 se doter de stock suffisant et en permanence en cette mati\u00e8re vitale, estimant que le bilan de la premi\u00e8re journ\u00e9e de cette campagne a \u00e9t\u00e9 tr\u00e8s positif avec la collecte de 101 pochettes de sang.<\/p>\n<p>A rappeler que le CRTS de Marrakech approvisionne tous les centres de sant\u00e9 de la r\u00e9gion en cette mati\u00e8re vitale, dont le Centre hospitalier universitaire (CHU) Mohammed VI, les cliniques, les banques de sang \u00e0 Essaouira, Kela\u00e2 des Sraghna et les annexes du centre \u00e0 Tahanaout, Chichaoua, Rehamna et Tamellalt en plus des Centres hospitaliers provinciaux.<\/p>\n<\/div>\n<p>Auteur: Meriem IGASS<br \/>\n<a href=\"http:\/\/www.mapmarrakech.ma\/fr\/une-campagne-de-don-de-sang-au-centre-universitaire-de-la-ville\/\">Cliquez ici pour lire l&rsquo;article depuis sa source.<\/a><\/p>\n","protected":false},"excerpt":{"rendered":"<p>Kela\u00e2 des Sraghna \u2013 Le Centre universitaire de Kela\u00e2 des Sraghna a organis\u00e9, les 15 et 16 mars courant, une campagne de don de sang sous le th\u00e8me \u00ab\u00a0Un petit geste peut sauver des vies\u00a0\u00bb. Organis\u00e9e en coordination avec le Centre r\u00e9gional de transfusion sanguine (CRTS) de Marrakech et le Centre de l\u2019enseignement inclusif et [&hellip;]<\/p>\n","protected":false},"author":1788,"featured_media":0,"comment_status":"closed","ping_status":"closed","sticky":false,"template":"","format":"standard","meta":{"fifu_image_url":"","fifu_image_alt":"","footnotes":""},"categories":[54,76],"tags":[],"class_list":["post-113233","post","type-post","status-publish","format-standard","hentry","category-maroc","category-regions"],"_links":{"self":[{"href":"https:\/\/linitiative.ca\/International\/wp-json\/wp\/v2\/posts\/113233","targetHints":{"allow":["GET"]}}],"collection":[{"href":"https:\/\/linitiative.ca\/International\/wp-json\/wp\/v2\/posts"}],"about":[{"href":"https:\/\/linitiative.ca\/International\/wp-json\/wp\/v2\/types\/post"}],"author":[{"embeddable":true,"href":"https:\/\/linitiative.ca\/International\/wp-json\/wp\/v2\/users\/1788"}],"replies":[{"embeddable":true,"href":"https:\/\/linitiative.ca\/International\/wp-json\/wp\/v2\/comments?post=113233"}],"version-history":[{"count":0,"href":"https:\/\/linitiative.ca\/International\/wp-json\/wp\/v2\/posts\/113233\/revisions"}],"wp:attachment":[{"href":"https:\/\/linitiative.ca\/International\/wp-json\/wp\/v2\/media?parent=113233"}],"wp:term":[{"taxonomy":"category","embeddable":true,"href":"https:\/\/linitiative.ca\/International\/wp-json\/wp\/v2\/categories?post=113233"},{"taxonomy":"post_tag","embeddable":true,"href":"https:\/\/linitiative.ca\/International\/wp-json\/wp\/v2\/tags?post=113233"}],"curies":[{"name":"wp","href":"https:\/\/api.w.org\/{rel}","templated":true}]}}