{"id":113236,"date":"2021-03-17T12:03:08","date_gmt":"2021-03-17T16:03:08","guid":{"rendered":"https:\/\/linitiative.ca\/International\/annee-de-covid-19-approche-proactive-et-une-reconnaissance-internationale\/"},"modified":"2021-03-17T12:03:08","modified_gmt":"2021-03-17T16:03:08","slug":"annee-de-covid-19-approche-proactive-et-une-reconnaissance-internationale","status":"publish","type":"post","link":"https:\/\/linitiative.ca\/International\/annee-de-covid-19-approche-proactive-et-une-reconnaissance-internationale\/","title":{"rendered":"Ann\u00e9e de COVID-19: Approche proactive et une reconnaissance internationale"},"content":{"rendered":"<p>Le Maroc a adopt\u00e9 une approche centr\u00e9e sur plusieurs aspects, dont particuli\u00e8rement le volet sanitaire \u00e0 travers le suivi et l\u2019\u00e9volution de la pand\u00e9mie et le renforcement des infrastructures sanitaires de base.<\/p>\n<p>Cette approche est fond\u00e9e aussi sur les aspects sociaux-\u00e9conomiques en apportant une assistance aux groupes vuln\u00e9rables et aux entreprises en situation difficile, ainsi que sur l\u2019aspect psychologique en fournissant des services d\u2019\u00e9coute et un soutien pour faire face aux r\u00e9percussions des quarantaines et de l\u2019isolement social sur les citoyens, ainsi que l\u2019adoption d\u2019une approche p\u00e9dagogique de communication, en annon\u00e7ant les chiffres quotidiens de la gestion de la pand\u00e9mie et de la lutte contre les fake news.<\/p>\n<p>Depuis l\u2019\u00e9mergence des premiers cas de cette pand\u00e9mie mondiale, les premiers signes de l\u2019exception marocaine se sont manifest\u00e9s \u00e0 travers l\u2019int\u00e9r\u00eat accord\u00e9 par SM le Roi aux citoyens marocains r\u00e9sidant dans la ville chinoise de Wuhan et les Hautes Instructions donn\u00e9es par le Souverain pour leur rapatriement, tout en prenant les mesures n\u00e9cessaires au niveau du transport a\u00e9rien, des a\u00e9roports et des infrastructures sanitaires.<\/p>\n<p>S\u2019en suivent alors des voyages organis\u00e9s au profit des Marocains r\u00e9sidant \u00e0 l\u2019\u00e9tranger, que ce soit \u00e0 destination ou en provenance des pays d\u2019accueil, apr\u00e8s que les ambassades et consulats marocains ont \u00e9t\u00e9 renforc\u00e9s par des cellules de crise pour suivre la situation de la diaspora marocaine et l\u2019inciter \u00e0 se conformer aux mesures prises par les autorit\u00e9s locales.<\/p>\n<p>D\u00e8s que la premi\u00e8re infection \u00e0 la Covid-19 a \u00e9t\u00e9 enregistr\u00e9e dans le Royaume le 2 mars 2020, les autorit\u00e9s marocaines ont progressivement pris des mesures de pr\u00e9caution (fermeture de l\u2019espace a\u00e9rien du Royaume et de ses fronti\u00e8res, interdiction des manifestations sportives et culturelles, fermeture de toutes les \u00e9coles et universit\u00e9s et interdiction des d\u00e9placements entre les villes \u2026). Elles ont aussi pris d\u2019autres mesures d\u2019ordre communicationnel dont le lancement du service \u00ab\u00a0Allo Yakada\u00a0\u00bb, pour fournir une assistance m\u00e9dicale urgente et des informations sur le virus, et de l\u2019application \u00ab\u00a0Wikaytna\u00a0\u00bb en vue de renforcer la d\u00e9tection pr\u00e9coce des cas de contaminations par le tra\u00e7age des contacts des sujets confirm\u00e9s et le ciblage des populations \u00e0 haut risque ou ayant \u00e9t\u00e9 en contact avec des cas confirm\u00e9s.<\/p>\n<p>Dans le cadre des efforts concert\u00e9s entre l\u2019\u00c9tat et les diff\u00e9rents intervenants sociaux, la mise en place du Comit\u00e9 de veille \u00e9conomique a \u00e9t\u00e9 annonc\u00e9e le 11 mars 2020 pour suivre les r\u00e9percussions de la pand\u00e9mie et les mesures d\u2019accompagnement, dans le cadre des efforts proactifs du gouvernement en vue de faire face aux r\u00e9percussions \u00e9conomiques directes et indirectes de la pand\u00e9mie sur l\u2019\u00e9conomie nationale.<\/p>\n<p>Ainsi, Sa Majest\u00e9 le Roi Mohammed VI avait ordonn\u00e9 l\u2019adoption d\u2019une approche proactive pour faire face \u00e0 la pand\u00e9mie, renforcer les mesures de pr\u00e9vention et de pr\u00e9caution sans pr\u00e9c\u00e9dent prises par les d\u00e9partements et institutions concern\u00e9s, dans le but de limiter sa propagation et faire face \u00e0 ses r\u00e9percussions socio-\u00e9cnomiques et sur la sant\u00e9.<\/p>\n<p>De m\u00eame, le Souverain avait charg\u00e9 les autorit\u00e9s comp\u00e9tentes de veiller \u00e0 la bonne mise en \u0153uvre des mesures efficaces prises dans le domaine de l\u2019approvisionnement des march\u00e9s sur le territoire national en produits alimentaires et de consommation, ainsi qu\u2019en mat\u00e9riel de d\u00e9sinfection et de st\u00e9rilisation, de mani\u00e8re r\u00e9guli\u00e8re et continue, et de lutter contre diverses formes de monopole et d\u2019augmentation des prix.<\/p>\n<p>Une autre facette de l\u2019exception marocaine est sans nul doute le grand \u00e9lan de solidarit\u00e9 nationale dont le coup d\u2019envoi avait \u00e9t\u00e9 donn\u00e9 par Sa Majest\u00e9 le Roi Mohammed VI le 15 mars 2020, en donnant Ses Hautes Instructions au gouvernement afin de cr\u00e9er imm\u00e9diatement un \u00ab\u00a0Fonds sp\u00e9cial pour la gestion de la pand\u00e9mie du Coronavirus\u00a0\u00bb, afin de couvrir les d\u00e9penses li\u00e9es \u00e0 la mise \u00e0 niveau du dispositif m\u00e9dical, en termes d\u2019infrastructures adapt\u00e9es et de moyens suppl\u00e9mentaires \u00e0 acqu\u00e9rir, dans l\u2019urgence.<\/p>\n<p>Ce fonds a \u00e9galement \u00e9t\u00e9 allou\u00e9 au soutien de l\u2019\u00e9conomie nationale, \u00e0 travers une batterie de mesures propos\u00e9es par le Comit\u00e9 de veille \u00e9conomique, notamment en termes d\u2019accompagnement des secteurs vuln\u00e9rables aux chocs induits par la crise du Coronavirus, ainsi qu\u2019en mati\u00e8re de pr\u00e9servation des emplois et d\u2019att\u00e9nuation des r\u00e9percussions sociales de cette crise\u00a0\u00bb.<\/p>\n<p>Sa Majest\u00e9 le Roi Mohammed VI, Chef supr\u00eame et Chef d\u2019Etat-Major G\u00e9n\u00e9ral des Forces Arm\u00e9es Royales (FAR) avait donn\u00e9 Ses Hautes Instructions afin que la m\u00e9decine militaire prenne part conjointement avec son homologue civile \u00e0 la d\u00e9licate mission de lutte contre la pand\u00e9mie de Covid-19.<\/p>\n<p>En outre, et afin de pallier \u00e0 certaines insuffisances constat\u00e9es concernant cette pand\u00e9mie et faciliter la transmission et l\u2019\u00e9change d\u2019informations entre les diff\u00e9rents services concern\u00e9s, Sa Majest\u00e9 le Roi avait donn\u00e9 Ses tr\u00e8s hautes instructions \u00e0 l\u2019effet de d\u00e9ployer des moyens de m\u00e9decine militaire en renforcement des structures m\u00e9dicales d\u00e9di\u00e9es \u00e0 la gestion de cette pand\u00e9mie, sous forme de personnel m\u00e9dical et para-m\u00e9dical des FAR et ce, \u00e0 partir du lundi 23 mars 2020.<\/p>\n<p>D\u2019autre part, SM le Roi, Amir Al Mouminine, avait accord\u00e9 Sa gr\u00e2ce Royale \u00e0 5.654 personnes condamn\u00e9es par diff\u00e9rents tribunaux marocains et avait ordonn\u00e9 de prendre toutes les mesures n\u00e9cessaires pour renforcer la protection des d\u00e9tenus au sein des \u00e9tablissements p\u00e9nitentiaires, particuli\u00e8rement contre la propagation de l\u2019\u00e9pid\u00e9mie du coronavirus.<\/p>\n<p>Apr\u00e8s que le Maroc a r\u00e9ussi \u00e0 faire face \u00e0 la pand\u00e9mie, les autorit\u00e9s publiques avaient d\u00e9cid\u00e9, dans le cadre de la pr\u00e9paration d\u2019un retour \u00e0 la vie normale et \u00e0 la reprise des activit\u00e9s \u00e9conomiques et sociales sur l\u2019ensemble du territoire national, de mettre en \u0153uvre un plan de r\u00e9duction des mesures de confinement en fonction de la situation \u00e9pid\u00e9miologique de chaque r\u00e9gion de mani\u00e8re progressive et sur plusieurs \u00e9tapes, \u00e0 partir du 11 juin 2020.<\/p>\n<p>Parmi les \u00e9l\u00e9ments qui ont \u00e9galement contribu\u00e9 \u00e0 l\u2019endiguement de la pand\u00e9mie, figurent l\u2019adoption par le Maroc d\u2019un protocole de traitement qui a prouv\u00e9 son efficacit\u00e9 face au virus et une identification pr\u00e9coce des vaccins adapt\u00e9s, notamment en termes de stockage et de refroidissement, en choisissant les vaccins \u00ab\u00a0AstraZeneca\u00a0\u00bb et \u00ab\u00a0Sinopharm\u00a0\u00bb et en soumettant ses demandes d\u2019achat avant leur sortie sur le march\u00e9 alors m\u00eame que de nombreux pays n\u2019avaient pas pris une d\u00e9cision \u00e0 ce sujet.<\/p>\n<p>Gr\u00e2ce \u00e0 cette vision proactive, le Royaume a pu obtenir rapidement des doses importantes des deux vaccins (8,5 millions de doses) afin de garantir le succ\u00e8s de sa campagne nationale de vaccination aux niveaux national, r\u00e9gional et local, avec la mise en place d\u2019un entrep\u00f4t national pour stocker les vaccins et d\u2019un plan de r\u00e9ception, de stockage et de distribution du vaccin dans des conditions s\u00fbres, ainsi que la cr\u00e9ation de centres de vaccination, des unit\u00e9s rattach\u00e9es aux centres de sant\u00e9, qui fournissent des services en accueillant la population locale ou en se d\u00e9pla\u00e7ant \u00e0 la rencontre des patients selon un programme pr\u00e9d\u00e9fini.<\/p>\n<p>Outre ses efforts \u00e0 l\u2019int\u00e9rieur du pays, le Maroc a aussi accord\u00e9 une attention particuli\u00e8re \u00e0 ses fr\u00e8res africains. Ainsi, Sa Majest\u00e9 le Roi Mohammed VI avait propos\u00e9, le 13 avril 2020, le lancement d\u2019une initiative de Chefs d\u2019\u00c9tat africains visant \u00e0 \u00e9tablir un cadre op\u00e9rationnel afin d\u2019accompagner les pays africains dans leurs diff\u00e9rentes phases de gestion de la pand\u00e9mie.<\/p>\n<p>Il s\u2019agit d\u2019une initiative pragmatique et orient\u00e9e vers l\u2019action, permettant un partage d\u2019exp\u00e9riences et de bonnes pratiques, pour faire face \u00e0 l\u2019impact sanitaire, \u00e9conomique et social de la pand\u00e9mie.<\/p>\n<p>Le 14 juin 2020, le Souverain avait donn\u00e9 Ses Tr\u00e8s Hautes Instructions pour l\u2019acheminement d\u2019aides m\u00e9dicales \u00e0 plusieurs pays africains fr\u00e8res.<\/p>\n<p>Cette aide vise \u00e0 fournir du mat\u00e9riel m\u00e9dical pr\u00e9ventif, afin d\u2019accompagner les pays africains fr\u00e8res dans leurs efforts de lutte contre la pand\u00e9mie de Covid-19. Elle est compos\u00e9e de pr\u00e8s de 8 millions de masques, 900.000 visi\u00e8res, 600.000 charlottes, 60.000 blouses, 30.000 litres de gel hydroalcoolique, ainsi que 75.000 bo\u00eetes de chloroquine et 15.000 bo\u00eetes d\u2019Azithromycine.<\/p>\n<p>\u00c0 cet \u00e9gard, l\u2019Organisation mondiale de la Sant\u00e9 (OMS) a salu\u00e9 l\u2019initiative du Souverain concernant l\u2019octroi d\u2019une aide m\u00e9dicale aux pays africains, tout en se f\u00e9licitant de ce g\u00e9n\u00e9reux acte de bienfaisance qui constitue \u00ab\u00a0une manifestation authentique et tangible de la solidarit\u00e9 r\u00e9gionale\u00a0\u00bb dans la lutte contre la pand\u00e9mie de Covid-19.<\/p>\n<p>Des mesures intelligentes et efficaces comme celles-ci, et bien d\u2019autres, adopt\u00e9es par le gouvernement tout au long de la p\u00e9riode de gestion de la pand\u00e9mie pour appliquer de mani\u00e8re optimale les Hautes Directives et Instructions Royales qui constituent une feuille de route pour faire face \u00e0 la pand\u00e9mie, ont \u00e9t\u00e9 largement salu\u00e9es par de nombreux organes diplomatiques, institutions et organisations internationales telles que la Banque mondiale et l\u2019OMS, ainsi que par un certain nombre de pays, \u00e0 leur t\u00eate l\u2019Union europ\u00e9enne, qui ont affirm\u00e9 que le Maroc a su g\u00e9rer rapidement et de mani\u00e8re efficace, tout en se concentrant sur le traitement des diff\u00e9rents aspects de la lutte contre le nouveau coronavirus de mani\u00e8re coordonn\u00e9e et \u00e0 plusieurs niveaux.<\/p>\n<p>La m\u00eame position a \u00e9t\u00e9 exprim\u00e9e par de nombreux m\u00e9dias internationaux de renomm\u00e9e, qui ont salu\u00e9 les efforts de Sa Majest\u00e9 le Roi Mohammed VI dans la gestion de la crise sanitaire et de ses effets n\u00e9gatifs et le succ\u00e8s de la campagne nationale de vaccination gratuite contre Covid-19, dont le Souverain a donn\u00e9 le coup d\u2019envoi le 28 janvier au Palais Royal de F\u00e8s.<\/p>\n<p>Ainsi, le Maroc s\u2019est impos\u00e9 en mod\u00e8le \u00e0 suivre aux niveaux continental et international, en termes d\u2019acc\u00e9l\u00e9ration du rythme de vaccination, une facette mise en avant par le c\u00e9l\u00e8bre journal italien \u00ab\u00a0Corriere della Sera\u00a0\u00bb.<\/p>\n<p>Sous le titre \u00ab\u00a0Vaccinations, le Maroc fait mieux que la France et l\u2019Italie : 9% de la population prot\u00e9g\u00e9e\u00a0\u00bb, le quotidien italien rel\u00e8ve que le Maroc compte 94% de toutes les personnes vaccin\u00e9es en Afrique, soulignant que le Maroc \u00ab\u00a0monte dans le classement mondial en termes de couverture vaccinale, qui a concern\u00e9 un nombre d\u2019habitants plus \u00e9lev\u00e9 qu\u2019en l\u2019Italie, en France et presque dans tous les \u00c9tats europ\u00e9ens et o\u00f9, par cons\u00e9quent, les donn\u00e9es g\u00e9n\u00e9rales sur la pand\u00e9mie conduisent \u00e0 l\u2019optimisme\u00a0\u00bb.<\/p>\n<p>Et d\u2019ajouter que ces chiffres sont d\u2019autant plus remarquables qu\u2019ils sont enregistr\u00e9s dans \u00ab\u00a0un pays faisant partie de l\u2019Afrique, un continent consid\u00e9r\u00e9 comme particuli\u00e8rement vuln\u00e9rable et o\u00f9 on redoutait une vague de cas\u00a0\u00bb.<\/p>\n<p>Gr\u00e2ce \u00e0 sa gestion exemplaire de la crise provoqu\u00e9e par la pand\u00e9mie \u00e0 tous les niveaux, le Maroc est devenu l\u2019un des mod\u00e8les \u00e0 suivre au niveau mondial apr\u00e8s que le Bureau r\u00e9gional de l\u2019OMS l\u2019a class\u00e9 parmi les dix premiers pays \u00e0 avoir r\u00e9ussi le d\u00e9fi de la vaccination contre la Covid-19.<\/p>\n<p>Environ six semaines apr\u00e8s le d\u00e9but de la campagne de vaccination, les derniers chiffres officiels indiquent que le Maroc a d\u00e9pass\u00e9 4 millions 225 mille 311 premi\u00e8res doses et un million 167 mille 472 doses, portant le total des doses administr\u00e9es \u00e0 5.992.783. En outre, 1.767.472 citoyens marocains et \u00e9trangers ont termin\u00e9 leurs processus de vaccination en recevant les deux doses du vaccin.<\/p>\n<p>Le succ\u00e8s de la campagne nationale de vaccination gratuite au profit des citoyens marocains et des \u00e9trangers r\u00e9sidant dans le Royaume n\u2019est rien d\u2019autre qu\u2019une nouvelle manifestation des succ\u00e8s r\u00e9alis\u00e9s par le Maroc depuis l\u2019\u00e9mergence du premier cas de l\u2019\u00e9pid\u00e9mie. Malgr\u00e9 les difficult\u00e9s et le caract\u00e8re exceptionnel de la pand\u00e9mie pour tous les pays du monde, l\u2019implication des Marocains dans cette bataille avec un grand esprit de patriotisme et de sacrifice, guid\u00e9s par les Hautes Directives Royales clairvoyantes et proactives ont permis au Maroc de se hisser \u00e0 une position distingu\u00e9e parmi l\u2019\u00e9lite mondiale.<\/p>\n<p>Auteur: Meriem IGASS<br \/>\n<a href=\"http:\/\/www.mapmarrakech.ma\/fr\/annee-de-covid-19-approche-proactive-et-une-reconnaissance-internationale\/\">Cliquez ici pour lire l&rsquo;article depuis sa source.<\/a><\/p>\n","protected":false},"excerpt":{"rendered":"<p>Le Maroc a adopt\u00e9 une approche centr\u00e9e sur plusieurs aspects, dont particuli\u00e8rement le volet sanitaire \u00e0 travers le suivi et l\u2019\u00e9volution de la pand\u00e9mie et le renforcement des infrastructures sanitaires de base. Cette approche est fond\u00e9e aussi sur les aspects sociaux-\u00e9conomiques en apportant une assistance aux groupes vuln\u00e9rables et aux entreprises en situation difficile, ainsi [&hellip;]<\/p>\n","protected":false},"author":1788,"featured_media":0,"comment_status":"closed","ping_status":"closed","sticky":false,"template":"","format":"standard","meta":{"fifu_image_url":"","fifu_image_alt":"","footnotes":""},"categories":[54,76],"tags":[],"class_list":["post-113236","post","type-post","status-publish","format-standard","hentry","category-maroc","category-regions"],"_links":{"self":[{"href":"https:\/\/linitiative.ca\/International\/wp-json\/wp\/v2\/posts\/113236","targetHints":{"allow":["GET"]}}],"collection":[{"href":"https:\/\/linitiative.ca\/International\/wp-json\/wp\/v2\/posts"}],"about":[{"href":"https:\/\/linitiative.ca\/International\/wp-json\/wp\/v2\/types\/post"}],"author":[{"embeddable":true,"href":"https:\/\/linitiative.ca\/International\/wp-json\/wp\/v2\/users\/1788"}],"replies":[{"embeddable":true,"href":"https:\/\/linitiative.ca\/International\/wp-json\/wp\/v2\/comments?post=113236"}],"version-history":[{"count":0,"href":"https:\/\/linitiative.ca\/International\/wp-json\/wp\/v2\/posts\/113236\/revisions"}],"wp:attachment":[{"href":"https:\/\/linitiative.ca\/International\/wp-json\/wp\/v2\/media?parent=113236"}],"wp:term":[{"taxonomy":"category","embeddable":true,"href":"https:\/\/linitiative.ca\/International\/wp-json\/wp\/v2\/categories?post=113236"},{"taxonomy":"post_tag","embeddable":true,"href":"https:\/\/linitiative.ca\/International\/wp-json\/wp\/v2\/tags?post=113236"}],"curies":[{"name":"wp","href":"https:\/\/api.w.org\/{rel}","templated":true}]}}