{"id":113238,"date":"2021-03-17T11:18:36","date_gmt":"2021-03-17T15:18:36","guid":{"rendered":"https:\/\/linitiative.ca\/International\/reseau-entreprendre-maroc-mehdi-laraki-rempile\/"},"modified":"2021-03-17T11:18:36","modified_gmt":"2021-03-17T15:18:36","slug":"reseau-entreprendre-maroc-mehdi-laraki-rempile","status":"publish","type":"post","link":"https:\/\/linitiative.ca\/International\/reseau-entreprendre-maroc-mehdi-laraki-rempile\/","title":{"rendered":"R\u00e9seau Entreprendre Maroc: Mehdi Laraki rempile"},"content":{"rendered":"<p class=\"rtejustify\">Mehdi Laraki a \u00e9t\u00e9 r\u00e9\u00e9lu pr\u00e9sident du R\u00e9seau Entreprendre Maroc pour un deuxi\u00e8me mandat \u00e0 l&rsquo;issue de l\u2019Assembl\u00e9e G\u00e9n\u00e9rale Ordinaire de cette organisation \u0153uvrant pour l\u2019utilit\u00e9 publique.<\/p>\n<p class=\"rtejustify\">Le R\u00e9seau Entreprendre Maroc regroupe environ 350 chefs d\u2019entreprises exp\u00e9riment\u00e9s en vue de\u00a0contribuer \u00e0 la r\u00e9ussite de nouveaux entrepreneurs significativement cr\u00e9ateurs d\u2019emplois et de richesse. N\u00e9 en 2005, \u00e0\u00a0l\u2019initiative de chefs d\u2019entreprise actifs dans le domaine de l\u2019accompagnement entrepreneurial, favorise la\u00a0cr\u00e9ation de nouveaux projets dans la cr\u00e9ation d\u2019emploi. L&rsquo;association a d&rsquo;ailleurs tenu son AGO afin de d\u00e9signer son nouveau Conseil d\u2019Administration, constitu\u00e9 de 24 administrateurs, chefs d\u2019entreprise et membres de l&rsquo;Association, indique le r\u00e9seau dans un communiqu\u00e9. Par la suite les nouveaux administrateurs ont constitu\u00e9 le Bureau national compos\u00e9 de 7 administrateurs et d\u00e9sign\u00e9, respectivement, MM Mehdi Laraki en tant que pr\u00e9sident et Mohamed Zahid en tant que vice-pr\u00e9sident au titre du mandat 2021-2024.<\/p>\n<p class=\"rtejustify\">\u00a0<\/p>\n<p>Auteur: hgueye<br \/>\n<a href=\"https:\/\/www.leconomiste.com\/flash-infos\/reseau-entreprendre-maroc-mehdi-laraki-rempile\">Cliquez ici pour lire l&rsquo;article depuis sa source.<\/a><\/p>\n","protected":false},"excerpt":{"rendered":"<p>Mehdi Laraki a \u00e9t\u00e9 r\u00e9\u00e9lu pr\u00e9sident du R\u00e9seau Entreprendre Maroc pour un deuxi\u00e8me mandat \u00e0 l&rsquo;issue de l\u2019Assembl\u00e9e G\u00e9n\u00e9rale Ordinaire de cette organisation \u0153uvrant pour l\u2019utilit\u00e9 publique. Le R\u00e9seau Entreprendre Maroc regroupe environ 350 chefs d\u2019entreprises exp\u00e9riment\u00e9s en vue de\u00a0contribuer \u00e0 la r\u00e9ussite de nouveaux entrepreneurs significativement cr\u00e9ateurs d\u2019emplois et de richesse. N\u00e9 en 2005, [&hellip;]<\/p>\n","protected":false},"author":1763,"featured_media":0,"comment_status":"closed","ping_status":"closed","sticky":false,"template":"","format":"standard","meta":{"fifu_image_url":"","fifu_image_alt":"","footnotes":""},"categories":[78,54],"tags":[],"class_list":["post-113238","post","type-post","status-publish","format-standard","hentry","category-economie","category-maroc"],"_links":{"self":[{"href":"https:\/\/linitiative.ca\/International\/wp-json\/wp\/v2\/posts\/113238","targetHints":{"allow":["GET"]}}],"collection":[{"href":"https:\/\/linitiative.ca\/International\/wp-json\/wp\/v2\/posts"}],"about":[{"href":"https:\/\/linitiative.ca\/International\/wp-json\/wp\/v2\/types\/post"}],"author":[{"embeddable":true,"href":"https:\/\/linitiative.ca\/International\/wp-json\/wp\/v2\/users\/1763"}],"replies":[{"embeddable":true,"href":"https:\/\/linitiative.ca\/International\/wp-json\/wp\/v2\/comments?post=113238"}],"version-history":[{"count":0,"href":"https:\/\/linitiative.ca\/International\/wp-json\/wp\/v2\/posts\/113238\/revisions"}],"wp:attachment":[{"href":"https:\/\/linitiative.ca\/International\/wp-json\/wp\/v2\/media?parent=113238"}],"wp:term":[{"taxonomy":"category","embeddable":true,"href":"https:\/\/linitiative.ca\/International\/wp-json\/wp\/v2\/categories?post=113238"},{"taxonomy":"post_tag","embeddable":true,"href":"https:\/\/linitiative.ca\/International\/wp-json\/wp\/v2\/tags?post=113238"}],"curies":[{"name":"wp","href":"https:\/\/api.w.org\/{rel}","templated":true}]}}