{"id":113245,"date":"2021-03-17T15:14:10","date_gmt":"2021-03-17T19:14:10","guid":{"rendered":"https:\/\/linitiative.ca\/International\/equipe-dalgerie-benzia-veut-jouer-la-coupe-du-monde-2022-avec-les-fennecs\/"},"modified":"2021-03-17T15:14:10","modified_gmt":"2021-03-17T19:14:10","slug":"equipe-dalgerie-benzia-veut-jouer-la-coupe-du-monde-2022-avec-les-fennecs","status":"publish","type":"post","link":"https:\/\/linitiative.ca\/International\/equipe-dalgerie-benzia-veut-jouer-la-coupe-du-monde-2022-avec-les-fennecs\/","title":{"rendered":"Equipe d&rsquo;Alg\u00e9rie : Benzia veut jouer la coupe du monde 2022 avec les fennecs !"},"content":{"rendered":"<div readability=\"32\">\n<p>Auteur : <span class=\"time\">mercredi 17 mars 2021 17:43<\/span><\/p>\n<\/div>\n<div id=\"post_core\" readability=\"51\">\n<p>Dans un long entretien accord\u00e9 \u00e0 la cha\u00eene YouTube \u00ab\u00e7a dit quoi\u00bb, l\u2019attaquant alg\u00e9rien a notamment \u00e9voqu\u00e9 son grave accident de quad en mai 2020, ainsi son objectif de jouer la Coupe du monde 2022 avec la s\u00e9lection alg\u00e9rienne. Le 3 mars dernier, Yassine Benzia rentrait en jeu sept minutes avec son \u00e9quipe du Dijon FCO, sur la pelouse du Stade Brestois (1-3). Malgr\u00e9 la d\u00e9faite, l\u2019international alg\u00e9rien (4 s\u00e9lections, 1 but) a pu savourer ce retour apr\u00e8s une longue absence due \u00e0 un grave accident de quad en mai 2020. Le joueur form\u00e9 \u00e0 l\u2019Olympique Lyonnais a d\u00fb \u00eatre op\u00e9r\u00e9 onze fois et a perdu son pouce. Il a choisi de raconter son calvaire dans un long entretien pour la cha\u00eene YouTube \u00ab \u00e7a dit quoi \u00bb. Dans cette interview, le joueur de 26 ans devait ramener un objet qui lui tenait \u00e0 c\u0153ur et a choisi le maillot de sa premi\u00e8re s\u00e9lection en \u00e9quipe d\u2019Alg\u00e9rie, le 25 mars 2016, face \u00e0 l\u2019\u00c9thiopie (7-1). Le natif de Saint-Aubin-l\u00e8s Elbeuf justifie son choix en parlant du soutien re\u00e7u par sa s\u00e9lection lors de sa convalescence, ainsi que pour exprimer son principal objectif sportif : \u00ab Durant cet accident, j\u2019ai re\u00e7u \u00e9norm\u00e9ment de soutiens de la part des joueurs de l\u2019\u00e9quipe d\u2019Alg\u00e9rie et du coach Djamel Belmadi. Depuis que j\u2019ai repris les exercices physiques, je me suis fix\u00e9 un objectif, celui de disputer la Coupe du monde 2022 au Qatar. Je t\u2019ai ramen\u00e9 ce maillot car quand je le vois, je vois l\u2019envie, la d\u00e9termination, la motivation au quotidien qui sont n\u00e9cessaires pour pouvoir remplir cet objectif \u00bb. Un objectif ambitieux et courageux qui va devoir passer dans un premier temps par l\u2019obtention d\u2019un temps de jeu plus important. Benzia et le DFCO affrontent le Stade de Reims dimanche (15h) rapporte OnzeMondial.com.<\/p>\n<p><strong>Publi\u00e9 dans :<\/strong> <span>benzia<\/span><\/p>\n<\/div>\n<p>Auteur:<br \/>\n<a href=\"http:\/\/www.lebuteur.com\/article\/detail?titre=benzia-veut-jouer-la-coupe-du-monde-2022-avec-les-fennecs&#038;id=99425&#038;utm_source=feedburner&#038;utm_medium=feed&#038;utm_campaign=Feed%3A+GalerieFArtciles+%28Les+derniers+articles++-+lebuteur.com%29\">Cliquez ici pour lire l&rsquo;article depuis sa source.<\/a><\/p>\n","protected":false},"excerpt":{"rendered":"<p>Auteur : mercredi 17 mars 2021 17:43 Dans un long entretien accord\u00e9 \u00e0 la cha\u00eene YouTube \u00ab\u00e7a dit quoi\u00bb, l\u2019attaquant alg\u00e9rien a notamment \u00e9voqu\u00e9 son grave accident de quad en mai 2020, ainsi son objectif de jouer la Coupe du monde 2022 avec la s\u00e9lection alg\u00e9rienne. Le 3 mars dernier, Yassine Benzia rentrait en jeu [&hellip;]<\/p>\n","protected":false},"author":1738,"featured_media":0,"comment_status":"closed","ping_status":"closed","sticky":false,"template":"","format":"standard","meta":{"fifu_image_url":"\/\/cdn.lebuteur.com\/data\/images\/article\/thumbs\/large-benzia-veut-jouer-la-coupe-du-monde-2022-avec-les-fennecs-9f437.jpg","fifu_image_alt":"Equipe d'Alg\u00e9rie : Benzia veut jouer la coupe du monde 2022 avec les fennecs !","footnotes":""},"categories":[53,75],"tags":[],"class_list":["post-113245","post","type-post","status-publish","format-standard","hentry","category-algerie","category-sport"],"_links":{"self":[{"href":"https:\/\/linitiative.ca\/International\/wp-json\/wp\/v2\/posts\/113245","targetHints":{"allow":["GET"]}}],"collection":[{"href":"https:\/\/linitiative.ca\/International\/wp-json\/wp\/v2\/posts"}],"about":[{"href":"https:\/\/linitiative.ca\/International\/wp-json\/wp\/v2\/types\/post"}],"author":[{"embeddable":true,"href":"https:\/\/linitiative.ca\/International\/wp-json\/wp\/v2\/users\/1738"}],"replies":[{"embeddable":true,"href":"https:\/\/linitiative.ca\/International\/wp-json\/wp\/v2\/comments?post=113245"}],"version-history":[{"count":0,"href":"https:\/\/linitiative.ca\/International\/wp-json\/wp\/v2\/posts\/113245\/revisions"}],"wp:attachment":[{"href":"https:\/\/linitiative.ca\/International\/wp-json\/wp\/v2\/media?parent=113245"}],"wp:term":[{"taxonomy":"category","embeddable":true,"href":"https:\/\/linitiative.ca\/International\/wp-json\/wp\/v2\/categories?post=113245"},{"taxonomy":"post_tag","embeddable":true,"href":"https:\/\/linitiative.ca\/International\/wp-json\/wp\/v2\/tags?post=113245"}],"curies":[{"name":"wp","href":"https:\/\/api.w.org\/{rel}","templated":true}]}}