{"id":113250,"date":"2021-03-17T06:00:00","date_gmt":"2021-03-17T10:00:00","guid":{"rendered":"https:\/\/linitiative.ca\/International\/qui-est-haoua-acyl-representante-de-lorganisation-internationale-de-la-francophonie-pour-lafrique-du-nord\/"},"modified":"2021-03-17T06:00:00","modified_gmt":"2021-03-17T10:00:00","slug":"qui-est-haoua-acyl-representante-de-lorganisation-internationale-de-la-francophonie-pour-lafrique-du-nord","status":"publish","type":"post","link":"https:\/\/linitiative.ca\/International\/qui-est-haoua-acyl-representante-de-lorganisation-internationale-de-la-francophonie-pour-lafrique-du-nord\/","title":{"rendered":"Qui est Haoua Acyl, Repr\u00e9sentante de l&rsquo;Organisation Internationale de la Francophonie pour l\u2019Afrique du Nord"},"content":{"rendered":"<p>Mme Haoua Acyl, Repr\u00e9sentante de l&rsquo;Organisation Internationale de la Francophonie pour l\u2019Afrique du Nord vient de remettre sa lettre d&rsquo;introduction au ministre des Affaires \u00e9trang\u00e8res de l&rsquo;Emigration et des R\u00e9sidents tunisiens \u00e0 l&rsquo;Etranger, Othman Jerandi.<\/p>\n<p>Titulaire d\u2019un dipl\u00f4me de ma\u00eetrise en administration des affaires, avec une sp\u00e9cialisation en management, Madame Haoua Acyl apporte avec elle une exp\u00e9rience riche et diversifi\u00e9e d\u2019une vingtaine d\u2019ann\u00e9es, \u00e0 la fois au Tchad et au Canada.<\/p>\n<p>Haoua Acyl a \u00e9t\u00e9 Ministre de l\u2019avion civile et de la m\u00e9t\u00e9orologie, de 2013 \u00e0 2017,apr\u00e8s avoir occup\u00e9 le poste de Directrice g\u00e9n\u00e9rale adjointe de l\u2019Autorit\u00e9 de l\u2019aviation civile du Tchad. Dans le cadre de ses fonctions minist\u00e9rielles, elle a fortement contribu\u00e9 au d\u00e9veloppement et \u00e0 la consolidation des liaison a\u00e9riennes entre son pays, la sous-r\u00e9gion et le reste du continent. Enjuin2020, elle a \u00e9t\u00e9 nomm\u00e9e Pr\u00e9sidente de Conseil d\u2019administration de l\u2019Autorit\u00e9 de l\u2019aviation civile (ADAC) de son pays.<\/p>\n<p>Haoua Acyl dispose \u00e9galement d\u2019une exp\u00e9rience professionnelle dans le secteur priv\u00e9, o\u00f9 elle a occup\u00e9 diff\u00e9rentes fonctions \u00e0 responsabilit\u00e9 croissante, dans un important groupe d\u2019assurances \u00e0 Montr\u00e9al ainsi que dans plusieurs cabinets de conseils strat\u00e9giques. Sa formation et ses diff\u00e9rentes exp\u00e9riences, tant dans les secteurs priv\u00e9 que public, permettent \u00e0 Haoua Acyl de disposer de capacit\u00e9s manag\u00e9riales confirm\u00e9es, d\u2019une connaissance approfondie des relations internationales et de la diplomatie, notamment sur le continent africain et nord-am\u00e9ricain, et d\u2019une facilit\u00e9 reconnue en communication strat\u00e9gique.<br \/>En plus du fran\u00e7ais, Haoua Acyl parle l\u2019anglais et l\u2019arabe.<\/p>\n<p>La Tunisie et plus pr\u00e9cis\u00e9ment l&rsquo;ile de Djerba abritera les 20 et 21novembre prochain, le 18e Sommet de la Francophonie.<\/p>\n<p>\u00a0<\/p>\n<p>Auteur:<br \/>\n<a href=\"https:\/\/www.leaders.com.tn\/article\/31588-qui-est-haoua-acyl-representante-de-l-organisation-internationale-de-la-francophonie-pour-l-afrique-du-nord\">Cliquez ici pour lire l&rsquo;article depuis sa source.<\/a><\/p>\n","protected":false},"excerpt":{"rendered":"<p>Mme Haoua Acyl, Repr\u00e9sentante de l&rsquo;Organisation Internationale de la Francophonie pour l\u2019Afrique du Nord vient de remettre sa lettre d&rsquo;introduction au ministre des Affaires \u00e9trang\u00e8res de l&rsquo;Emigration et des R\u00e9sidents tunisiens \u00e0 l&rsquo;Etranger, Othman Jerandi. Titulaire d\u2019un dipl\u00f4me de ma\u00eetrise en administration des affaires, avec une sp\u00e9cialisation en management, Madame Haoua Acyl apporte avec elle [&hellip;]<\/p>\n","protected":false},"author":1772,"featured_media":0,"comment_status":"closed","ping_status":"closed","sticky":false,"template":"","format":"standard","meta":{"fifu_image_url":"","fifu_image_alt":"","footnotes":""},"categories":[73,55],"tags":[],"class_list":["post-113250","post","type-post","status-publish","format-standard","hentry","category-actualite","category-tunisie"],"_links":{"self":[{"href":"https:\/\/linitiative.ca\/International\/wp-json\/wp\/v2\/posts\/113250","targetHints":{"allow":["GET"]}}],"collection":[{"href":"https:\/\/linitiative.ca\/International\/wp-json\/wp\/v2\/posts"}],"about":[{"href":"https:\/\/linitiative.ca\/International\/wp-json\/wp\/v2\/types\/post"}],"author":[{"embeddable":true,"href":"https:\/\/linitiative.ca\/International\/wp-json\/wp\/v2\/users\/1772"}],"replies":[{"embeddable":true,"href":"https:\/\/linitiative.ca\/International\/wp-json\/wp\/v2\/comments?post=113250"}],"version-history":[{"count":0,"href":"https:\/\/linitiative.ca\/International\/wp-json\/wp\/v2\/posts\/113250\/revisions"}],"wp:attachment":[{"href":"https:\/\/linitiative.ca\/International\/wp-json\/wp\/v2\/media?parent=113250"}],"wp:term":[{"taxonomy":"category","embeddable":true,"href":"https:\/\/linitiative.ca\/International\/wp-json\/wp\/v2\/categories?post=113250"},{"taxonomy":"post_tag","embeddable":true,"href":"https:\/\/linitiative.ca\/International\/wp-json\/wp\/v2\/tags?post=113250"}],"curies":[{"name":"wp","href":"https:\/\/api.w.org\/{rel}","templated":true}]}}