{"id":113253,"date":"2021-03-17T06:00:00","date_gmt":"2021-03-17T10:00:00","guid":{"rendered":"https:\/\/linitiative.ca\/International\/questions-dermatologiques\/"},"modified":"2021-03-17T06:00:00","modified_gmt":"2021-03-17T10:00:00","slug":"questions-dermatologiques","status":"publish","type":"post","link":"https:\/\/linitiative.ca\/International\/questions-dermatologiques\/","title":{"rendered":"Questions dermatologiques"},"content":{"rendered":"<p class=\"c3\"><strong>La perte de cheveux\u00a0est-elle irr\u00e9m\u00e9diable ?<\/strong><br \/>Chez l\u2019homme, la chute de\u00a0 cheveux est li\u00e9e aux hormones et commence vers 20 ans au niveau des tempes pour \u00e9voluer vers le sommet du cr\u00e2ne.\u00a0<br \/>Des traitements permettent de freiner la chute (dans 90% des cas) et de favoriser la repousse (dans 30 \u00e0 40% des cas). Commercialis\u00e9 depuis une douzaine d\u2019ann\u00e9es, le Minoxidil en application locale quotidienne (sur prescription m\u00e9dicale) est le m\u00e9dicament le plus utilis\u00e9. Il faut l\u2019utiliser le plus t\u00f4t possible.<br \/>Chez la femme, l\u2019alop\u00e9cie est en g\u00e9n\u00e9ral temporaire et cons\u00e9cutive \u00e0 une maladie infectieuse, au stress, aux suites d\u2019accouchement, ou \u00e0 une baisse en fer. Dans ce cas, une suppl\u00e9mentation en vitamines A et B et en oligo\u00e9l\u00e9ments fait tout rentrer dans l\u2019ordre. \u00c0 la m\u00e9nopause, si la chute de cheveux est importante, un traitement \u00e0 base d\u2019antiandrog\u00e8ne sera envisag\u00e9 en plus des vitamines et du Minoxidil.<\/p>\n<p class=\"c3\"><strong>Est-il possible de se d\u00e9barrasser de son acn\u00e9 ?<\/strong><br \/>Les traitements actuels par voie buccale et les antibiotiques tirent les ados d\u2019affaire.\u00a0<br \/>L\u2019acn\u00e9 de la trentaine, due au stress, et l\u2019acn\u00e9 de la m\u00e9nopause (rosac\u00e9e) n\u00e9cessitent un traitement pour \u00e9viter qu\u2019elles ne persistent.<\/p>\n<p class=\"c3\"><strong>Les facteurs psychologiques peuvent-ils influencer l\u2019\u00e9tat de la peau ?<\/strong> Certaines maladies (psoriasis, ecz\u00e9ma, rosac\u00e9e, urticaire, prurit, dermite s\u00e9borrh\u00e9ique, acn\u00e9&#8230;) se d\u00e9clenchent ou s\u2019aggravent lors d\u2019une phase d\u00e9pressive ou en p\u00e9riode de stress (examen, deuil, ch\u00f4mage, divorce).\u00a0<br \/>Il est important que le dermatologue tienne compte des facteurs psychologiques pour adapter sa prescription. Souvent, les traitements ne suffisent pas \u00e0 enrayer la maladie qui risque de devenir chronique. Conjointement au traitement dermatologique, on peut proposer au patient une prise en charge psychologique et traiter le terrain anxieux.<\/p>\n<p>Auteur:<br \/>\n<a href=\"https:\/\/www.lesoirdalgerie.com\/femme-magazine\/questions-dermatologiques-58020\">Cliquez ici pour lire l&rsquo;article depuis sa source.<\/a><\/p>\n","protected":false},"excerpt":{"rendered":"<p>La perte de cheveux\u00a0est-elle irr\u00e9m\u00e9diable ?Chez l\u2019homme, la chute de\u00a0 cheveux est li\u00e9e aux hormones et commence vers 20 ans au niveau des tempes pour \u00e9voluer vers le sommet du cr\u00e2ne.\u00a0Des traitements permettent de freiner la chute (dans 90% des cas) et de favoriser la repousse (dans 30 \u00e0 40% des cas). Commercialis\u00e9 depuis une [&hellip;]<\/p>\n","protected":false},"author":1741,"featured_media":0,"comment_status":"closed","ping_status":"closed","sticky":false,"template":"","format":"standard","meta":{"fifu_image_url":"","fifu_image_alt":"","footnotes":""},"categories":[73,53],"tags":[],"class_list":["post-113253","post","type-post","status-publish","format-standard","hentry","category-actualite","category-algerie"],"_links":{"self":[{"href":"https:\/\/linitiative.ca\/International\/wp-json\/wp\/v2\/posts\/113253","targetHints":{"allow":["GET"]}}],"collection":[{"href":"https:\/\/linitiative.ca\/International\/wp-json\/wp\/v2\/posts"}],"about":[{"href":"https:\/\/linitiative.ca\/International\/wp-json\/wp\/v2\/types\/post"}],"author":[{"embeddable":true,"href":"https:\/\/linitiative.ca\/International\/wp-json\/wp\/v2\/users\/1741"}],"replies":[{"embeddable":true,"href":"https:\/\/linitiative.ca\/International\/wp-json\/wp\/v2\/comments?post=113253"}],"version-history":[{"count":0,"href":"https:\/\/linitiative.ca\/International\/wp-json\/wp\/v2\/posts\/113253\/revisions"}],"wp:attachment":[{"href":"https:\/\/linitiative.ca\/International\/wp-json\/wp\/v2\/media?parent=113253"}],"wp:term":[{"taxonomy":"category","embeddable":true,"href":"https:\/\/linitiative.ca\/International\/wp-json\/wp\/v2\/categories?post=113253"},{"taxonomy":"post_tag","embeddable":true,"href":"https:\/\/linitiative.ca\/International\/wp-json\/wp\/v2\/tags?post=113253"}],"curies":[{"name":"wp","href":"https:\/\/api.w.org\/{rel}","templated":true}]}}