{"id":113255,"date":"2021-03-17T06:00:00","date_gmt":"2021-03-17T10:00:00","guid":{"rendered":"https:\/\/linitiative.ca\/International\/le-feuilleton-ouyahia-et-sellal\/"},"modified":"2021-03-17T06:00:00","modified_gmt":"2021-03-17T10:00:00","slug":"le-feuilleton-ouyahia-et-sellal","status":"publish","type":"post","link":"https:\/\/linitiative.ca\/International\/le-feuilleton-ouyahia-et-sellal\/","title":{"rendered":"Le feuilleton Ouyahia et Sellal"},"content":{"rendered":"<p class=\"c3\">Franchement, on ne pensait pas qu\u2019arriverait un temps o\u00f9 deux ex-Premiers ministres superpuissants, tous les deux ex-dauphins de Boutef, d\u00e9fileraient quasiment chaque semaine devant des juges. Ouyahia et Sellal en sont \u00e0 on ne sait plus combien de proc\u00e8s, d\u2019instructions, de condamnations. Si on s\u2019en tenait juste \u00e0 ce que cela peut vouloir signifier, on ne serait pas loin de croire qu\u2019ils sont responsables de tout \u00e0 l\u2019exclusion de tous les autres et de Boutef himself. Sans se prononcer sur le fond des dossiers, on savait de fa\u00e7on g\u00e9n\u00e9rale que le syst\u00e8me se r\u00e9g\u00e9n\u00e9rait en sacrifiant quelques-uns des siens, mais \u00e0 ce point-l\u00e0&#8230;<br \/>A. T.<\/p>\n<p>Auteur:<br \/>\n<a href=\"https:\/\/www.lesoirdalgerie.com\/digoutage\/le-feuilleton-ouyahia-et-sellal-58018\">Cliquez ici pour lire l&rsquo;article depuis sa source.<\/a><\/p>\n","protected":false},"excerpt":{"rendered":"<p>Franchement, on ne pensait pas qu\u2019arriverait un temps o\u00f9 deux ex-Premiers ministres superpuissants, tous les deux ex-dauphins de Boutef, d\u00e9fileraient quasiment chaque semaine devant des juges. Ouyahia et Sellal en sont \u00e0 on ne sait plus combien de proc\u00e8s, d\u2019instructions, de condamnations. Si on s\u2019en tenait juste \u00e0 ce que cela peut vouloir signifier, on [&hellip;]<\/p>\n","protected":false},"author":1741,"featured_media":0,"comment_status":"closed","ping_status":"closed","sticky":false,"template":"","format":"standard","meta":{"fifu_image_url":"","fifu_image_alt":"","footnotes":""},"categories":[73,53],"tags":[],"class_list":["post-113255","post","type-post","status-publish","format-standard","hentry","category-actualite","category-algerie"],"_links":{"self":[{"href":"https:\/\/linitiative.ca\/International\/wp-json\/wp\/v2\/posts\/113255","targetHints":{"allow":["GET"]}}],"collection":[{"href":"https:\/\/linitiative.ca\/International\/wp-json\/wp\/v2\/posts"}],"about":[{"href":"https:\/\/linitiative.ca\/International\/wp-json\/wp\/v2\/types\/post"}],"author":[{"embeddable":true,"href":"https:\/\/linitiative.ca\/International\/wp-json\/wp\/v2\/users\/1741"}],"replies":[{"embeddable":true,"href":"https:\/\/linitiative.ca\/International\/wp-json\/wp\/v2\/comments?post=113255"}],"version-history":[{"count":0,"href":"https:\/\/linitiative.ca\/International\/wp-json\/wp\/v2\/posts\/113255\/revisions"}],"wp:attachment":[{"href":"https:\/\/linitiative.ca\/International\/wp-json\/wp\/v2\/media?parent=113255"}],"wp:term":[{"taxonomy":"category","embeddable":true,"href":"https:\/\/linitiative.ca\/International\/wp-json\/wp\/v2\/categories?post=113255"},{"taxonomy":"post_tag","embeddable":true,"href":"https:\/\/linitiative.ca\/International\/wp-json\/wp\/v2\/tags?post=113255"}],"curies":[{"name":"wp","href":"https:\/\/api.w.org\/{rel}","templated":true}]}}