{"id":113261,"date":"2021-03-17T13:31:17","date_gmt":"2021-03-17T17:31:17","guid":{"rendered":"https:\/\/linitiative.ca\/International\/laayoune-une-delegation-dhommes-daffaires-basques-en-prospection\/"},"modified":"2021-03-17T13:31:17","modified_gmt":"2021-03-17T17:31:17","slug":"laayoune-une-delegation-dhommes-daffaires-basques-en-prospection","status":"publish","type":"post","link":"https:\/\/linitiative.ca\/International\/laayoune-une-delegation-dhommes-daffaires-basques-en-prospection\/","title":{"rendered":"La\u00e2youne : une d\u00e9l\u00e9gation d\u2019hommes d\u2019affaires basques en prospection"},"content":{"rendered":"<p><strong>Le pr\u00e9sident du conseil de la r\u00e9gion de La\u00e2youne-Sakia El Hamra, Sidi Hamdi Ould Errachid, a re\u00e7u ce mercredi matin au si\u00e8ge de la r\u00e9gion, une d\u00e9l\u00e9gation d\u2019hommes d\u2019affaires basques, rapporte saharazoom.com.<\/strong><\/p>\n<div class=\"c10\">\n<\/div>\n<p>Le pr\u00e9sident du conseil r\u00e9gional a tenu une longue r\u00e9union avec la d\u00e9l\u00e9gation basque, durant laquelle il a expos\u00e9 les projets de d\u00e9veloppement, ainsi que les infrastructures sportives, \u00e9conomiques, sociales et culturelles implant\u00e9es au sein de la r\u00e9gion de La\u00e2youne-Sakia El Hamra. Sidi Hamdi Ould Errachid a profit\u00e9 de l\u2019occasion pour mettre en exergue l\u2019atmosph\u00e8re de s\u00e9curit\u00e9, de stabilit\u00e9 et de tranquillit\u00e9 qui r\u00e8gne dans la r\u00e9gion, gr\u00e2ce \u00e0 l\u2019attention de S.M. le Roi Mohammed VI.<\/p>\n<p><strong>Lire aussi | <a href=\"https:\/\/www.challenge.ma\/dakhla-spots-lopus-qui-sublime-une-destination-hors-du-commun-178473\/\" target=\"_blank\" rel=\"noreferrer noopener\">\u00ab Dakhla Spots \u00bb, l\u2019Opus qui sublime une destination hors du commun<\/a><\/strong><\/p>\n<p>Par ailleurs, le responsable a indiqu\u00e9 que la visite d\u2019une d\u00e9l\u00e9gation du Pays basque, consid\u00e9r\u00e9 comme l\u2019un des principaux bastions du Polisario en Espagne, rev\u00eat une grande importance car elle r\u00e9fute\u00a0le mensonge des all\u00e9gations qui avaient longtemps \u00e9t\u00e9 promues par les opposants \u00e0 l\u2019int\u00e9grit\u00e9 territoriale du Royaume du Maroc. Cette visite a permis \u00e0 la d\u00e9l\u00e9gation basque de voir de pr\u00e8s la r\u00e9alit\u00e9 de la situation dans les provinces du sud, la stabilit\u00e9 et la tranquillit\u00e9 dont jouissent ces r\u00e9gions, tout en examinant de pr\u00e8s comment les sahraouis g\u00e8rent\u00a0leurs affaires eux-m\u00eames au sein de conseils d\u00e9mocratiquement \u00e9lus.<\/p>\n<p><strong>Lire aussi | <a href=\"https:\/\/www.challenge.ma\/nouvelle-etape-de-developpement-du-catalan-gas-servei-au-maroc-178390\/\" target=\"_blank\" rel=\"noreferrer noopener\">Nouvelle \u00e9tape de d\u00e9veloppement du catalan Gas Servei au Maroc<\/a><\/strong><\/p>\n<p>Sidi Hamdi Ould Errachid a \u00e9galement soulign\u00e9 que la rencontre avec la d\u00e9l\u00e9gation basque a constitu\u00e9 une occasion pour exposer les opportunit\u00e9s d\u2019investissement et le renforcement de la coop\u00e9ration conjointe entre La\u00e2youne-Sakia El Hamra et le Pays basque, en particulier dans le domaine des \u00e9nergies renouvelables et des industries sid\u00e9rurgiques. Il a not\u00e9 que la d\u00e9l\u00e9gation a exprim\u00e9 sa volont\u00e9 d\u2019investir dans la r\u00e9gion et que le Conseil est pr\u00eat \u00e0 leur fournir l\u2019assistance n\u00e9cessaire, en plus de cr\u00e9er les conditions d\u2019investissement appropri\u00e9es.<\/p>\n<p>Auteur: challenge<br \/>\n<a href=\"https:\/\/www.challenge.ma\/laayoune-une-delegation-dhommes-daffaires-basques-en-prospection-178488\/\">Cliquez ici pour lire l&rsquo;article depuis sa source.<\/a><\/p>\n","protected":false},"excerpt":{"rendered":"<p>Le pr\u00e9sident du conseil de la r\u00e9gion de La\u00e2youne-Sakia El Hamra, Sidi Hamdi Ould Errachid, a re\u00e7u ce mercredi matin au si\u00e8ge de la r\u00e9gion, une d\u00e9l\u00e9gation d\u2019hommes d\u2019affaires basques, rapporte saharazoom.com. Le pr\u00e9sident du conseil r\u00e9gional a tenu une longue r\u00e9union avec la d\u00e9l\u00e9gation basque, durant laquelle il a expos\u00e9 les projets de d\u00e9veloppement, [&hellip;]<\/p>\n","protected":false},"author":1787,"featured_media":0,"comment_status":"closed","ping_status":"closed","sticky":false,"template":"","format":"standard","meta":{"fifu_image_url":"","fifu_image_alt":"","footnotes":""},"categories":[78,54],"tags":[],"class_list":["post-113261","post","type-post","status-publish","format-standard","hentry","category-economie","category-maroc"],"_links":{"self":[{"href":"https:\/\/linitiative.ca\/International\/wp-json\/wp\/v2\/posts\/113261","targetHints":{"allow":["GET"]}}],"collection":[{"href":"https:\/\/linitiative.ca\/International\/wp-json\/wp\/v2\/posts"}],"about":[{"href":"https:\/\/linitiative.ca\/International\/wp-json\/wp\/v2\/types\/post"}],"author":[{"embeddable":true,"href":"https:\/\/linitiative.ca\/International\/wp-json\/wp\/v2\/users\/1787"}],"replies":[{"embeddable":true,"href":"https:\/\/linitiative.ca\/International\/wp-json\/wp\/v2\/comments?post=113261"}],"version-history":[{"count":0,"href":"https:\/\/linitiative.ca\/International\/wp-json\/wp\/v2\/posts\/113261\/revisions"}],"wp:attachment":[{"href":"https:\/\/linitiative.ca\/International\/wp-json\/wp\/v2\/media?parent=113261"}],"wp:term":[{"taxonomy":"category","embeddable":true,"href":"https:\/\/linitiative.ca\/International\/wp-json\/wp\/v2\/categories?post=113261"},{"taxonomy":"post_tag","embeddable":true,"href":"https:\/\/linitiative.ca\/International\/wp-json\/wp\/v2\/tags?post=113261"}],"curies":[{"name":"wp","href":"https:\/\/api.w.org\/{rel}","templated":true}]}}