{"id":113262,"date":"2021-03-17T14:55:00","date_gmt":"2021-03-17T18:55:00","guid":{"rendered":"https:\/\/linitiative.ca\/International\/vaccination-anti-covid19-plus-de-21-millions-de-personnes-ont-deja-recu-leur-seconde-dose\/"},"modified":"2021-03-17T14:55:00","modified_gmt":"2021-03-17T18:55:00","slug":"vaccination-anti-covid19-plus-de-21-millions-de-personnes-ont-deja-recu-leur-seconde-dose","status":"publish","type":"post","link":"https:\/\/linitiative.ca\/International\/vaccination-anti-covid19-plus-de-21-millions-de-personnes-ont-deja-recu-leur-seconde-dose\/","title":{"rendered":"Vaccination anti-covid19 :  plus de 2,1  millions de personnes ont d\u00e9j\u00e0 re\u00e7u leur seconde dose"},"content":{"rendered":"<p><strong>Voici le bilan du minist\u00e8re de la Sant\u00e9 quant \u00e0 l\u2019\u00e9volution de la campagne nationale de vaccination anti-covid 19. Les d\u00e9tails.<\/strong><\/p>\n<div class=\"c10\">\n<\/div>\n<p>Selon les donn\u00e9es du minist\u00e8re de la Sant\u00e9, 155.085 personnes ont re\u00e7u leur deuxi\u00e8me dose de vaccin ces derni\u00e8res 24 heures. Ainsi, le nombre total des personnes ayant re\u00e7u les deux doses atteint d\u00e9sormais 2.116.081. Le minist\u00e8re de la Sant\u00e9 indique aussi que 8.265 nouvelles personnes ont \u00e9t\u00e9 vaccin\u00e9es pour la premi\u00e8re fois au cours de ces derni\u00e8res 24 heures, portant \u00e0\u00a04.244.651 le nombre total de personnes ayant re\u00e7u leur premi\u00e8re dose.<\/p>\n<p><strong>Lire aussi| <a href=\"https:\/\/www.challenge.ma\/coronavirus-lue-va-instaurer-un-certificat-sanitaire-pour-sauver-la-saison-touristique-178452\/\">Coronavirus : l\u2019UE va instaurer un certificat sanitaire pour sauver la saison touristique<\/a><\/strong><\/p>\n<p>Auteur: challenge<br \/>\n<a href=\"https:\/\/www.challenge.ma\/vaccination-anti-covid19-plus-de-21-millions-de-personnes-ont-deja-recu-leur-seconde-dose-178496\/\">Cliquez ici pour lire l&rsquo;article depuis sa source.<\/a><\/p>\n","protected":false},"excerpt":{"rendered":"<p>Voici le bilan du minist\u00e8re de la Sant\u00e9 quant \u00e0 l\u2019\u00e9volution de la campagne nationale de vaccination anti-covid 19. Les d\u00e9tails. Selon les donn\u00e9es du minist\u00e8re de la Sant\u00e9, 155.085 personnes ont re\u00e7u leur deuxi\u00e8me dose de vaccin ces derni\u00e8res 24 heures. Ainsi, le nombre total des personnes ayant re\u00e7u les deux doses atteint d\u00e9sormais [&hellip;]<\/p>\n","protected":false},"author":1787,"featured_media":0,"comment_status":"closed","ping_status":"closed","sticky":false,"template":"","format":"standard","meta":{"fifu_image_url":"","fifu_image_alt":"","footnotes":""},"categories":[78,54],"tags":[],"class_list":["post-113262","post","type-post","status-publish","format-standard","hentry","category-economie","category-maroc"],"_links":{"self":[{"href":"https:\/\/linitiative.ca\/International\/wp-json\/wp\/v2\/posts\/113262","targetHints":{"allow":["GET"]}}],"collection":[{"href":"https:\/\/linitiative.ca\/International\/wp-json\/wp\/v2\/posts"}],"about":[{"href":"https:\/\/linitiative.ca\/International\/wp-json\/wp\/v2\/types\/post"}],"author":[{"embeddable":true,"href":"https:\/\/linitiative.ca\/International\/wp-json\/wp\/v2\/users\/1787"}],"replies":[{"embeddable":true,"href":"https:\/\/linitiative.ca\/International\/wp-json\/wp\/v2\/comments?post=113262"}],"version-history":[{"count":0,"href":"https:\/\/linitiative.ca\/International\/wp-json\/wp\/v2\/posts\/113262\/revisions"}],"wp:attachment":[{"href":"https:\/\/linitiative.ca\/International\/wp-json\/wp\/v2\/media?parent=113262"}],"wp:term":[{"taxonomy":"category","embeddable":true,"href":"https:\/\/linitiative.ca\/International\/wp-json\/wp\/v2\/categories?post=113262"},{"taxonomy":"post_tag","embeddable":true,"href":"https:\/\/linitiative.ca\/International\/wp-json\/wp\/v2\/tags?post=113262"}],"curies":[{"name":"wp","href":"https:\/\/api.w.org\/{rel}","templated":true}]}}