{"id":113265,"date":"2021-03-17T17:03:28","date_gmt":"2021-03-17T21:03:28","guid":{"rendered":"https:\/\/linitiative.ca\/International\/apres-le-retour-de-kais-saied-communique-conjoint-des-autorites-tuniso-libyennes\/"},"modified":"2021-03-17T17:03:28","modified_gmt":"2021-03-17T21:03:28","slug":"apres-le-retour-de-kais-saied-communique-conjoint-des-autorites-tuniso-libyennes","status":"publish","type":"post","link":"https:\/\/linitiative.ca\/International\/apres-le-retour-de-kais-saied-communique-conjoint-des-autorites-tuniso-libyennes\/","title":{"rendered":"Apr\u00e8s le retour de Kais Saied : Communiqu\u00e9 conjoint des autorit\u00e9s tuniso-libyennes"},"content":{"rendered":"<div class=\"post-cont-in left relative\">\n<div id=\"post-info-wrap\" class=\"left relative post-info-out\">\n<div class=\"post-info-img left relative\"><img decoding=\"async\" alt=\"\" src=\"https:\/\/secure.gravatar.com\/avatar\/ea481d7287ad38ca1787f44b5bb1b70e?s=50&amp;d=mm&amp;r=g\" srcset=\"https:\/\/secure.gravatar.com\/avatar\/ea481d7287ad38ca1787f44b5bb1b70e?s=100&amp;d=mm&amp;r=g 2x\" class=\"avatar avatar-50 photo\" height=\"50\" width=\"50\" loading=\"lazy\"\/><\/div>\n<div class=\"post-info-in\">\n<div class=\"post-info-right left relative post-info-name left relative\"><span><span class=\"post-info-text\">Par<\/span> <span class=\"author-name vcard fn author\"><a href=\"https:\/\/www.tunisienumerique.com\/author\/rania-ben-slimane\/\" title=\"Articles par rania ben slimane\" rel=\"author\">rania ben slimane<\/a><\/span><\/span> <span class=\"post-date updated\"><time class=\"post-date updated\" datetime=\"2021-03-17\">\u00a0| Il y a 6 secondes<\/time><\/span><br \/>\n<meta itemprop=\"dateModified\" content=\"2021-03-17\"\/><\/div>\n<div class=\"left relative\"><button id=\"listenButton1\" class=\"responsivevoice-button\" type=\"button\" value=\"Play\" title=\"\u00c9coutez l'article\"><span>\ud83d\udd0a \u00c9coutez l&rsquo;article<\/span><\/button>\n<\/div>\n<\/div>\n<\/div>\n<p>Suite \u00e0 la visite officielle du pr\u00e9sident de la R\u00e9publique, Kais Saied en Libye, les autorit\u00e9s tuniso-libyennes ont publi\u00e9 le 17 mars 2021, un communiqu\u00e9 de presse conjoint.<\/p>\n<div class=\"code-block code-block-1 c4\">\n <ins class=\"adsbygoogle c3\" data-ad-layout=\"in-article\" data-ad-format=\"fluid\" data-ad-client=\"ca-pub-2102118777505746\" data-ad-slot=\"7301775417\"\/>\n<\/div>\n<p>Selon le communiqu\u00e9, le pr\u00e9sident du Conseil Pr\u00e9sidentiel Libyen, Mohamed Al-Manfi et ses deux adjoints, Abdallah Ellafi et Moussa El Kouni, ont re\u00e7u le pr\u00e9sident de la R\u00e9publique Kais Saied.<\/p>\n<p>Cette importante visite \u2013 en tant que premi\u00e8re visite d\u2019un chef d\u2019\u00c9tat en Libye depuis 2012, indiquant que Saied a tenu \u00e0 \u00eatre le premier \u00e0 f\u00e9liciter le Conseil pr\u00e9sidentiel et le Gouvernement d\u2019unit\u00e9 nationale du gain de la confiance du Parlement libyen et la prise formelle de leur fonctions dans des moments historiques en application du principe de la transition pacifique.<\/p>\n<p>Le chef du Conseil Pr\u00e9sidentiel libyen, Mohamed Al-Manfi et le chef du gouvernement d\u2019unit\u00e9 nationale, Abdelhamid Dabaiba ont eu des entretiens approfondis avec le pr\u00e9sident de la R\u00e9publique Kais Saied, au cours desquels ils ont soulign\u00e9 la n\u00e9cessit\u00e9 de faciliter les proc\u00e9dures de transit et de circulation des citoyens et des marchandises, d\u2019encourager les investissements, d\u2019intensifier le sch\u00e9ma des \u00e9changes commerciaux entre les deux pays.<\/p>\n<p>Evoquant \u00e9galement l\u2019importance pour les compagnies a\u00e9riennes tunisiennes de reprendre leurs vols vers la Libye.<\/p>\n<p>Les entretiens ont \u00e9galement port\u00e9 sur la disparition des journalistes tunisiens, Sofiene Chourabi et Nedhir Ktari, indiquant qu\u2019il faut redoubler les efforts pour d\u00e9couvrir la v\u00e9rit\u00e9 sur leur enl\u00e8vement.<\/p>\n<p>Ils ont, en outre, d\u00e9battu des questions r\u00e9gionales et internationales d\u2019int\u00e9r\u00eat commun, telles que la coordination de leurs positions \u00e0 cet \u00e9gard, l\u2019intensification des r\u00e9unions consultatives, l\u2019activation des m\u00e9canismes de l\u2019Union du Maghreb Arabe et l\u2019acc\u00e9l\u00e9ration de la tenue de r\u00e9unions au niveau des ministres des Affaires \u00e9trang\u00e8res et au sommet.<\/p>\n<div class=\"swp_social_panel swp_horizontal_panel swp_flat_fresh swp_default_full_color swp_individual_full_color swp_other_full_color scale-100 scale-\" data-min-width=\"1100\" data-float-color=\"#ffffff\" data-float=\"bottom\" data-float-mobile=\"bottom\" data-transition=\"slide\">\n<div class=\"nc_tweetContainer swp_share_button total_shares total_sharesalt\"><span class=\"swp_count\">0 <span class=\"swp_label\">Partages<\/span><\/span><\/div>\n<\/div>\n<p><strong>Que se passe-t-il en Tunisie?<\/strong><br \/>Nous expliquons sur notre <a href=\"https:\/\/www.youtube.com\/channel\/UCRzypVq0B_yBad5eGrwBx0Q?sub_confirmation=1\" target=\"_blank\" rel=\"noopener\">cha\u00eene YouTube<\/a> . <a href=\"https:\/\/www.youtube.com\/channel\/UCRzypVq0B_yBad5eGrwBx0Q?sub_confirmation=1\" target=\"_blank\" rel=\"noopener\">Abonnez-vous!<\/a><\/p>\n<div class=\"mvp-org-wrap\" itemprop=\"publisher\">\n<div class=\"mvp-org-logo\" itemprop=\"logo\"><img decoding=\"async\" src=\"https:\/\/www.tunisienumerique.com\/wp-content\/uploads\/2017\/02\/logo_tunisie_numerique.png\"\/><br \/>\n<meta itemprop=\"url\" content=\"https:\/\/www.tunisienumerique.com\/wp-content\/uploads\/2017\/02\/logo_tunisie_numerique.png\"\/><\/div>\n<p><meta content=\"Tunisie\"\/><\/div>\n<div class=\"mvp-related-posts left relative\">\n<h4 class=\"post-header\"><span class=\"post-header\">Lire aussi<\/span><\/h4>\n<\/div>\n<div id=\"article-ad\">\n <ins class=\"adsbygoogle c5\" data-ad-client=\"ca-pub-2102118777505746\" data-ad-slot=\"6513972734\" data-ad-format=\"auto\" data-full-width-responsive=\"true\"\/>\n<\/div>\n<\/div>\n<div id=\"post-sidebar-wrap\">\n <ins class=\"adsbygoogle c5\" data-ad-client=\"ca-pub-2102118777505746\" data-ad-slot=\"6168283410\" data-ad-format=\"auto\" data-full-width-responsive=\"true\"\/>\n<\/div>\n<p>Auteur: rania ben slimane<br \/>\n<a href=\"https:\/\/www.tunisienumerique.com\/apres-le-retour-de-kais-saied-communique-conjoint-des-autorites-tuniso-libyennes\/\">Cliquez ici pour lire l&rsquo;article depuis sa source.<\/a><\/p>\n","protected":false},"excerpt":{"rendered":"<p>Par rania ben slimane \u00a0| Il y a 6 secondes \ud83d\udd0a \u00c9coutez l&rsquo;article Suite \u00e0 la visite officielle du pr\u00e9sident de la R\u00e9publique, Kais Saied en Libye, les autorit\u00e9s tuniso-libyennes ont publi\u00e9 le 17 mars 2021, un communiqu\u00e9 de presse conjoint. Selon le communiqu\u00e9, le pr\u00e9sident du Conseil Pr\u00e9sidentiel Libyen, Mohamed Al-Manfi et ses deux [&hellip;]<\/p>\n","protected":false},"author":1789,"featured_media":0,"comment_status":"closed","ping_status":"closed","sticky":false,"template":"","format":"standard","meta":{"fifu_image_url":"https:\/\/secure.gravatar.com\/avatar\/ea481d7287ad38ca1787f44b5bb1b70e?s=50&d=mm&r=g","fifu_image_alt":"Apr\u00e8s le retour de Kais Saied : Communiqu\u00e9 conjoint des autorit\u00e9s tuniso-libyennes","footnotes":""},"categories":[73,55],"tags":[],"class_list":["post-113265","post","type-post","status-publish","format-standard","hentry","category-actualite","category-tunisie"],"_links":{"self":[{"href":"https:\/\/linitiative.ca\/International\/wp-json\/wp\/v2\/posts\/113265","targetHints":{"allow":["GET"]}}],"collection":[{"href":"https:\/\/linitiative.ca\/International\/wp-json\/wp\/v2\/posts"}],"about":[{"href":"https:\/\/linitiative.ca\/International\/wp-json\/wp\/v2\/types\/post"}],"author":[{"embeddable":true,"href":"https:\/\/linitiative.ca\/International\/wp-json\/wp\/v2\/users\/1789"}],"replies":[{"embeddable":true,"href":"https:\/\/linitiative.ca\/International\/wp-json\/wp\/v2\/comments?post=113265"}],"version-history":[{"count":0,"href":"https:\/\/linitiative.ca\/International\/wp-json\/wp\/v2\/posts\/113265\/revisions"}],"wp:attachment":[{"href":"https:\/\/linitiative.ca\/International\/wp-json\/wp\/v2\/media?parent=113265"}],"wp:term":[{"taxonomy":"category","embeddable":true,"href":"https:\/\/linitiative.ca\/International\/wp-json\/wp\/v2\/categories?post=113265"},{"taxonomy":"post_tag","embeddable":true,"href":"https:\/\/linitiative.ca\/International\/wp-json\/wp\/v2\/tags?post=113265"}],"curies":[{"name":"wp","href":"https:\/\/api.w.org\/{rel}","templated":true}]}}