{"id":113268,"date":"2021-03-17T15:07:28","date_gmt":"2021-03-17T19:07:28","guid":{"rendered":"https:\/\/linitiative.ca\/International\/kais-saied-en-libye\/"},"modified":"2021-03-17T15:07:28","modified_gmt":"2021-03-17T19:07:28","slug":"kais-saied-en-libye","status":"publish","type":"post","link":"https:\/\/linitiative.ca\/International\/kais-saied-en-libye\/","title":{"rendered":"KAIS SAIED EN LIBYE"},"content":{"rendered":"<p class=\"c4\"><em>Le pr\u00e9sident tunisien, Kais Saied, \u00e9tait le \u00a017 mars 2021 en Libye. Premi\u00e8re du genre du ma\u00eetre de\u00a0 Tunis depuis son accession au pouvoir, cette visite officielle intervient deux jours seulement apr\u00e8s la prestation de serment du nouveau gouvernement d\u2019unit\u00e9 nationale libyen dans le but de relancer les \u00e9changes entre les deux pays. A pr\u00e9ciser que ces relations d\u2019\u00e9changes ont pris du plomb dans l\u2019aile ces dix derni\u00e8res ann\u00e9es, depuis la chute et la disparition du Guide de la Jamahiriya libyenne, qui ont plong\u00e9 le pays dans le chaos, \u00e9cartel\u00e9 qu\u2019il est entre des groupes arm\u00e9s parfois parrain\u00e9s de l\u2019ext\u00e9rieur et aux int\u00e9r\u00eats divergents. C\u2019est donc un pr\u00e9sident tunisien qui est venu saluer l\u2019av\u00e8nement de ce nouveau gouvernement porteur d\u2019espoirs, d\u2019autant qu\u2019il est cens\u00e9 mettre un terme au bic\u00e9phalisme qui plombait les espoirs de sortie de crise, pour amorcer le retour du pays \u00e0 l\u2019ordre constitutionnel normal, avec deux entit\u00e9s antagonistes dont l\u2019une est bas\u00e9e \u00e0 l\u2019Est et l\u2019autre dans la capitale Tripoli.\u00a0<\/em> <em>Le moins que l\u2019on puisse dire, c\u2019est que cette visite du voisin tunisien en Libye, est une visite de raison. Car, ce qui se passe en Libye int\u00e9resse au plus haut point ses voisins, particuli\u00e8rement la Tunisie qui, depuis le temps de Khadafi, est un partenaire privil\u00e9gi\u00e9 en termes de services et d\u2019\u00e9changes commerciaux, notamment de produits agroalimentaires et de construction.<\/em><\/p>\n<p class=\"c4\"><em>\u00a0<\/em><\/p>\n<p class=\"c4\"><em>\u00a0<\/em><\/p>\n<p class=\"c6\"><strong><em>Le timing est loin d\u2019\u00eatre un effet du hasard<\/em><\/strong><\/p>\n<p class=\"c4\"><em>\u00a0<\/em><\/p>\n<p class=\"c4\"><em>\u00a0<\/em><\/p>\n<p class=\"c4\"><em>Sans oublier l\u2019impact que la situation d\u00e9l\u00e9t\u00e8re en Libye a eu sur la Tunisie dont des pans entiers de l\u2019\u00e9conomie, notamment le tourisme, ont \u00e9t\u00e9 n\u00e9gativement affect\u00e9s. Au moment o\u00f9 la Libye amorce une nouvelle \u00e8re cens\u00e9e apporter plus de stabilit\u00e9, quoi de plus normal que la Tunisie qui fonde des espoirs sur les travaux de reconstruction du pays au sortir de la guerre, prenne les devants \u00e0 travers cette visite officielle d\u2019un Kais Saied visiblement d\u00e9cid\u00e9 \u00e0 r\u00e9chauffer ses relations diplomatiques et commerciales avec son grand voisin ! D\u00e8s lors, on comprend pourquoi la question de la r\u00e9ouverture de l\u2019ambassade de Tunisie \u00e0 Tripoli \u00e9tait au menu des \u00e9changes, tout comme les questions s\u00e9curitaires qui ont port\u00e9 sur le sort des jihadistes tunisiens encore sur le sol libyen.\u00a0<\/em> <em>En tout cas, pour un pays comme la Tunisie qui n\u2019a jamais ouvertement pris partie dans le conflit fratricide libyen, tout porte \u00e0 croire que le timing est loin d\u2019\u00eatre un effet du hasard puisque cette visite intervient au moment o\u00f9 le pays de Khadafi est \u00e0 un tournant important de son histoire, avec l\u2019av\u00e8nement de ce nouvel Ex\u00e9cutif qui a pour mission principale de conduire le pays \u00e0 des \u00e9lections pluralistes \u00a0d\u2019ici \u00e0 la fin de cette ann\u00e9e 2021. Un pari qui est loin d\u2019\u00eatre gagn\u00e9 d\u2019avance\u00a0; tant le chemin pour y parvenir est encore parsem\u00e9 d\u2019emb\u00fbches. En effet, les d\u00e9fis de la pacification du pays qui passe, entre autres, par le d\u00e9sarmement des milices et autres groupes arm\u00e9s, et la cr\u00e9ation des conditions de tenue d\u2019\u00e9lections pluralistes et inclusives cens\u00e9es remettre le pays sur les rails de la d\u00e9mocratie, semblent autant de travaux d\u2019Hercule qui ne se pr\u00e9sentent pas comme une partie de plaisir pour le nouveau Premier ministre et son \u00e9quipe.<\/em><\/p>\n<p class=\"c4\"><em>\u00a0<\/em><\/p>\n<p class=\"c4\"><em>\u00a0<\/em><\/p>\n<p class=\"c6\"><strong><em>Une Libye stable serait profitable \u00e0 tout le monde<\/em><\/strong><\/p>\n<p class=\"c4\"><em>\u00a0<\/em><\/p>\n<p class=\"c4\"><em>\u00a0<\/em><\/p>\n<p class=\"c4\"><em>C\u2019est dire si ces derniers ont besoin de soutiens dans la conduite de leur d\u00e9licate mission. Et cette visite officielle du pr\u00e9sident tunisien qui sonne comme un acte de reconnaissance, ne pouvait pas mieux tomber pour Abdelhamid Dbeibah qui ne d\u00e9col\u00e8re pas contre l\u2019ONU qui a mis en doute la r\u00e9gularit\u00e9 de sa d\u00e9signation \u00e0 la t\u00eate du nouvel Ex\u00e9cutif. L\u2019institution internationale qui a parrain\u00e9 le dialogue inter-libyen y ayant conduit, d\u00e9nonce dans son rapport un processus entach\u00e9 de faits de corruption.\u00a0\u00a0<\/em> <em>C\u2019est dire si au-del\u00e0 de la coop\u00e9ration et du r\u00e9chauffement des relations bilat\u00e9rales, cette visite peut contribuer \u00e0 remonter le moral aux nouvelles autorit\u00e9s libyennes. Reste maintenant \u00e0 souhaiter que Tripoli b\u00e9n\u00e9ficie d\u2019autres soutiens ext\u00e9rieurs\u00a0 et pas des moindres, pour se donner des chances de mener \u00e0 bien le processus de sortie de crise devant aboutir \u00e0 la paix et la stabilit\u00e9 du pays que tout le monde appelle de ses v\u0153ux. Car, une Libye stable serait profitable \u00e0 tout le monde. A commencer par la Libye elle-m\u00eame qui a d\u00e9j\u00e0 pay\u00e9 un lourd tribut \u00e0 la guerre, en termes d\u2019instabilit\u00e9 politique sur fond de crises s\u00e9curitaire et \u00e9conomique auxquelles est venue se greffer la pand\u00e9mie de Covid-19 avec les cons\u00e9quences que l\u2019on sait. Ensuite, les pays du Sahel durement \u00e9prouv\u00e9s depuis bient\u00f4t une d\u00e9cennie par l\u2019hydre terroriste qui tire ses racines de la d\u00e9stabilisation du pays de Mouammar Khadafi dans les conditions que l\u2019on sait. Enfin, les pays occidentaux qui souffrent du ph\u00e9nom\u00e8ne de la migration clandestine exacerb\u00e9e par la situation chaotique en Libye devenue depuis lors une v\u00e9ritable passoire vers \u00ab\u00a0l\u2019eldorado\u00a0\u00bb europ\u00e9en. \u00a0<\/em><\/p>\n<p class=\"c4\"><em>\u00a0<\/em><\/p>\n<p class=\"c6\"><strong><em>\u00a0\u00ab\u00a0Le Pays\u00a0\u00bb<\/em><\/strong><\/p>\n<p class=\"c4\"><em>\u00a0<\/em><\/p>\n<p>Auteur: Editions LEPAYS<br \/>\n<a href=\"https:\/\/lepays.bf\/kais-saied-en-libye\/\">Cliquez ici pour lire l&rsquo;article depuis sa source.<\/a><\/p>\n","protected":false},"excerpt":{"rendered":"<p>Le pr\u00e9sident tunisien, Kais Saied, \u00e9tait le \u00a017 mars 2021 en Libye. Premi\u00e8re du genre du ma\u00eetre de\u00a0 Tunis depuis son accession au pouvoir, cette visite officielle intervient deux jours seulement apr\u00e8s la prestation de serment du nouveau gouvernement d\u2019unit\u00e9 nationale libyen dans le but de relancer les \u00e9changes entre les deux pays. A pr\u00e9ciser [&hellip;]<\/p>\n","protected":false},"author":1813,"featured_media":0,"comment_status":"closed","ping_status":"closed","sticky":false,"template":"","format":"standard","meta":{"fifu_image_url":"","fifu_image_alt":"","footnotes":""},"categories":[73,81],"tags":[],"class_list":["post-113268","post","type-post","status-publish","format-standard","hentry","category-actualite","category-burkina-faso"],"_links":{"self":[{"href":"https:\/\/linitiative.ca\/International\/wp-json\/wp\/v2\/posts\/113268","targetHints":{"allow":["GET"]}}],"collection":[{"href":"https:\/\/linitiative.ca\/International\/wp-json\/wp\/v2\/posts"}],"about":[{"href":"https:\/\/linitiative.ca\/International\/wp-json\/wp\/v2\/types\/post"}],"author":[{"embeddable":true,"href":"https:\/\/linitiative.ca\/International\/wp-json\/wp\/v2\/users\/1813"}],"replies":[{"embeddable":true,"href":"https:\/\/linitiative.ca\/International\/wp-json\/wp\/v2\/comments?post=113268"}],"version-history":[{"count":0,"href":"https:\/\/linitiative.ca\/International\/wp-json\/wp\/v2\/posts\/113268\/revisions"}],"wp:attachment":[{"href":"https:\/\/linitiative.ca\/International\/wp-json\/wp\/v2\/media?parent=113268"}],"wp:term":[{"taxonomy":"category","embeddable":true,"href":"https:\/\/linitiative.ca\/International\/wp-json\/wp\/v2\/categories?post=113268"},{"taxonomy":"post_tag","embeddable":true,"href":"https:\/\/linitiative.ca\/International\/wp-json\/wp\/v2\/tags?post=113268"}],"curies":[{"name":"wp","href":"https:\/\/api.w.org\/{rel}","templated":true}]}}