{"id":113269,"date":"2021-03-17T15:14:25","date_gmt":"2021-03-17T19:14:25","guid":{"rendered":"https:\/\/linitiative.ca\/International\/attaque-sanglante-contre-un-convoi-militaire-au-mali\/"},"modified":"2021-03-17T15:14:25","modified_gmt":"2021-03-17T19:14:25","slug":"attaque-sanglante-contre-un-convoi-militaire-au-mali","status":"publish","type":"post","link":"https:\/\/linitiative.ca\/International\/attaque-sanglante-contre-un-convoi-militaire-au-mali\/","title":{"rendered":"ATTAQUE SANGLANTE CONTRE UN CONVOI MILITAIRE AU MALI"},"content":{"rendered":"<p class=\"c4\"><em>Alors que le Niger n\u2019a pas encore fini de pleurer ses morts suite \u00e0 l\u2019attaque meurtri\u00e8re contre un convoi de commer\u00e7ants dans la zone de Tillab\u00e9ri, c\u2019est\u00a0 l\u2019arm\u00e9e malienne qui d\u00e9plore dans ses rangs, la perte d\u2019au moins 30 soldats. Cette embuscade contre les FAMA dans la r\u00e9gion de Gao et qui a n\u00e9cessit\u00e9 l\u2019intervention de la Force Barkhane, est la preuve, s\u2019il en est, que les terroristes qui \u00e9cument le Sahel, font preuve d\u2019ing\u00e9niosit\u00e9 dans la pr\u00e9paration et l\u2019ex\u00e9cution de leurs basses besognes. C\u2019est d\u2019autant plus vrai qu\u2019ils auraient utilis\u00e9 une diversit\u00e9 d\u2019armements, mettant ainsi en difficult\u00e9 l\u2019arm\u00e9e malienne. Le moins que l\u2019on puisse, c\u2019est que les forces du mal qui ont repris du poil de la b\u00eate apr\u00e8s leur d\u00e9b\u00e2cle en 2013, suite \u00e0 l\u2019op\u00e9ration Serval, donnent du fil \u00e0 retordre \u00e0 nos arm\u00e9es\u00a0; tant et si bien que l\u2019on en vient \u00e0 se demander qui arr\u00eatera l\u2019hydre\u00a0? C\u2019est dire si les autorit\u00e9s de la Transition malienne ont du pain sur la planche. Car, en d\u00e9pit de divers accords sign\u00e9s entre les groupes d\u2019autod\u00e9fense et les groupes terroristes dont l\u2019encre du dernier n\u2019a pas encore s\u00e9ch\u00e9, le Mali continue de subir la furia des terroristes. Faut-il croire aux vertus du dialogue avec ces ing\u00e9nieurs du mal,\u00a0pour ramener la paix au Mali? Difficile de nourrir un optimisme b\u00e9at. Face \u00e0 des individus sans foi ni loi, mieux vaut avoir plusieurs fl\u00e8ches dans son carquois. Car, tout porte \u00e0 croire que ces marchands de la mort n\u2019entendent que le langage de la force. Autant dire que ce n\u2019est pas demain la veille que la paix reviendra sur les bords du Djoliba. On est d\u2019autant plus fond\u00e9 \u00e0 le penser que le nombre de forces \u00e9trang\u00e8res ne fait que s\u2019accro\u00eetre au Mali. Malgr\u00e9 tout, la paix dans le Sahel reste, jusque-l\u00e0, vaine. Pire, le Mali, et c\u2019est peu de le dire, se \u00ab\u00a0somalise\u00a0\u00bb de plus en plus. Et on peut croire que le pays de Modibo K\u00e9ita constitue le ventre mou de la lutte contre le terrorisme au Sahel.<\/em><\/p>\n<p class=\"c4\"><em>\u00a0<\/em><\/p>\n<p class=\"c6\"><strong><em>Les FAMA gagneraient \u00e0 apprendre vite de leurs erreurs<\/em><\/strong><\/p>\n<p class=\"c4\"><em>\u00a0<\/em><\/p>\n<p class=\"c4\"><em>En effet, si des pays voisins comme le Burkina et le Niger, sont r\u00e9guli\u00e8rement attaqu\u00e9s, c\u2019est bien souvent parce que les FAMA n\u2019arrivent pas \u00e0 contenir les abeilles de la ruche terroriste. D\u2019o\u00f9 la n\u00e9cessit\u00e9 de repenser la strat\u00e9gie de lutte contre le terroriste au Sahel. Et plus t\u00f4t on le fera, mieux cela vaudra. Cela est d\u2019autant plus n\u00e9cessaire que, que ce soit au Mali, au Burkina ou \u00a0au Niger, les populations ont pay\u00e9 un lourd tribut dans cette guerre interminable. En tout cas, au-del\u00e0 des \u00e9conomies ruin\u00e9es, c\u2019est une liste de veuves et d\u2019orphelins longue comme le bras que produisent les terroristes dans ces trois Etats. Quid du vivre-ensemble\u00a0? Le tissu social, et c\u2019est peu de l\u2019affirmer, est mis \u00e0 rude \u00e9preuve au point que certaines communaut\u00e9s se regardent en chiens de fa\u00efence. C\u2019est dire si nos arm\u00e9es, en commen\u00e7ant par celle du Mali, se doivent de tenir la drag\u00e9e haute aux malfaiteurs des temps modernes. En frappant si fort, les terroristes donnent \u00e0 penser qu\u2019ils sont vraiment ma\u00eetres du terrain. Et les FAMA gagneraient \u00e0 apprendre vite de leurs erreurs. Elles doivent constamment garder l\u2019arme au pied. Du reste, on a le sentiment que cette attaque est un message adress\u00e9 aux autorit\u00e9s maliennes mais aussi aux forces alli\u00e9es qui, lors du sommet de N\u2019Djamena, ont d\u00e9cid\u00e9 de mobiliser plus de ressources contre le terrorisme. Et il serait suicidaire de le minimiser.<\/em><\/p>\n<p class=\"c4\"><em>\u00a0<\/em><\/p>\n<p class=\"c6\"><strong><em>Dabadi ZOUMBARA<\/em><\/strong><\/p>\n<p><strong>\u00a0<\/strong><\/p>\n<p><strong>\u00a0<\/strong><\/p>\n<p>Auteur: Editions LEPAYS<br \/>\n<a href=\"https:\/\/lepays.bf\/attaque-sanglante-contre-un-convoi-militaire-au-mali\/\">Cliquez ici pour lire l&rsquo;article depuis sa source.<\/a><\/p>\n","protected":false},"excerpt":{"rendered":"<p>Alors que le Niger n\u2019a pas encore fini de pleurer ses morts suite \u00e0 l\u2019attaque meurtri\u00e8re contre un convoi de commer\u00e7ants dans la zone de Tillab\u00e9ri, c\u2019est\u00a0 l\u2019arm\u00e9e malienne qui d\u00e9plore dans ses rangs, la perte d\u2019au moins 30 soldats. Cette embuscade contre les FAMA dans la r\u00e9gion de Gao et qui a n\u00e9cessit\u00e9 l\u2019intervention [&hellip;]<\/p>\n","protected":false},"author":1813,"featured_media":0,"comment_status":"closed","ping_status":"closed","sticky":false,"template":"","format":"standard","meta":{"fifu_image_url":"","fifu_image_alt":"","footnotes":""},"categories":[73,81],"tags":[],"class_list":["post-113269","post","type-post","status-publish","format-standard","hentry","category-actualite","category-burkina-faso"],"_links":{"self":[{"href":"https:\/\/linitiative.ca\/International\/wp-json\/wp\/v2\/posts\/113269","targetHints":{"allow":["GET"]}}],"collection":[{"href":"https:\/\/linitiative.ca\/International\/wp-json\/wp\/v2\/posts"}],"about":[{"href":"https:\/\/linitiative.ca\/International\/wp-json\/wp\/v2\/types\/post"}],"author":[{"embeddable":true,"href":"https:\/\/linitiative.ca\/International\/wp-json\/wp\/v2\/users\/1813"}],"replies":[{"embeddable":true,"href":"https:\/\/linitiative.ca\/International\/wp-json\/wp\/v2\/comments?post=113269"}],"version-history":[{"count":0,"href":"https:\/\/linitiative.ca\/International\/wp-json\/wp\/v2\/posts\/113269\/revisions"}],"wp:attachment":[{"href":"https:\/\/linitiative.ca\/International\/wp-json\/wp\/v2\/media?parent=113269"}],"wp:term":[{"taxonomy":"category","embeddable":true,"href":"https:\/\/linitiative.ca\/International\/wp-json\/wp\/v2\/categories?post=113269"},{"taxonomy":"post_tag","embeddable":true,"href":"https:\/\/linitiative.ca\/International\/wp-json\/wp\/v2\/tags?post=113269"}],"curies":[{"name":"wp","href":"https:\/\/api.w.org\/{rel}","templated":true}]}}