{"id":113270,"date":"2021-03-17T15:17:02","date_gmt":"2021-03-17T19:17:02","guid":{"rendered":"https:\/\/linitiative.ca\/International\/hommage-national-a-hamed-bakayoko-en-rci\/"},"modified":"2021-03-17T15:17:02","modified_gmt":"2021-03-17T19:17:02","slug":"hommage-national-a-hamed-bakayoko-en-rci","status":"publish","type":"post","link":"https:\/\/linitiative.ca\/International\/hommage-national-a-hamed-bakayoko-en-rci\/","title":{"rendered":"HOMMAGE NATIONAL A HAMED BAKAYOKO EN RCI  \u00a0"},"content":{"rendered":"<p class=\"c4\"><em>Dans la continuit\u00e9 des huit jours de deuil national d\u00e9cr\u00e9t\u00e9 par le pr\u00e9sident Alassane Dramane Ouattara (ADO) suite au d\u00e9c\u00e8s brutal, par suite d\u2019un \u00ab\u00a0cancer foudroyant\u00a0\u00bb, le 10 mars dernier en Allemagne, de son Premier ministre, Hamed Bakayoko, la nation ivoirienne a rendu le 17 mars 2021, un dernier hommage \u00e0 l\u2019enfant de S\u00e9gu\u00e9la en pr\u00e9sence de plusieurs chefs d\u2019Etat que sont Roch Marc Christian Kabor\u00e9 du Burkina, \u00a0Faure Gnassingb\u00e9 du Togo, Alpha Cond\u00e9 de la Guin\u00e9e Conakry, Nana Akufo-Addo du Ghana, Umaro Sissoco Embalo de la Guin\u00e9e Bissau. Au programme, \u00e9tait pr\u00e9vu un c\u00e9r\u00e9monial au palais pr\u00e9sidentiel, \u00a0\u00a0au cours duquel le disparu a re\u00e7u les honneurs dus \u00e0 son rang de Premier ministre, chef du gouvernement et ministre de la D\u00e9fense, avant l\u2019\u00e9tape du nouveau stade d\u2019Ebimp\u00e9 sis \u00e0 Anyama, o\u00f9 sa famille politique a pris le relais des hommages dans l\u2019apr\u00e8s-midi. S\u2019en est suivie une veill\u00e9e artistique o\u00f9 une soixantaine d\u2019artistes musiciens sont annonc\u00e9s,\u00a0 au nombre desquels des poids lourds de la musique ivoirienne et africaine tels que Alpha Blondy, Magic Syst\u00e8me, Koffi Olomid\u00e9, Fally Ipupa, Ma\u00eetre Gims, Sidiki Diabat\u00e9 et on en oublie.<\/em><\/p>\n<p class=\"c4\"><em>\u00a0<\/em><\/p>\n<p class=\"c6\"><strong><em>Le rassembleur qu\u2019il fut de son vivant, continue de l\u2019\u00eatre apr\u00e8s sa mort, avec la participation de toute la classe politique et les hommages qui fusent de partout<\/em><\/strong><\/p>\n<p class=\"c6\"><strong><em>\u00a0<\/em><\/strong><\/p>\n<p class=\"c4\"><em>Le moins que l\u2019on puisse dire, c\u2019est que l\u2019hommage que \u00a0\u00a0la C\u00f4te d\u2019Ivoire a rendu \u00e0 son Premier ministre disparu, est\u00a0 m\u00e9rit\u00e9. Car, le rassembleur qu\u2019il fut de son vivant, continue, peut-on dire, de l\u2019\u00eatre apr\u00e8s sa mort, avec la participation de toute la classe politique et les hommages qui fusent de partout, m\u00eame du cercle des \u00a0\u00a0adversaires politiques. En d\u2019autres termes, m\u00eame mort, Hambak est un cadavre qui rassemble. C\u2019est dire la dimension de l\u2019Homme qui a su rester proche des uns et des autres, au moment o\u00f9 la C\u00f4te d\u2019Ivoire traversait l\u2019une des p\u00e9riodes les plus difficiles de son existence avec cette profonde division de la classe politique et la d\u00e9chirure du tissu social en deux camps antagoniques qui se regardaient en chiens de fa\u00efence. Et c\u2019est ce que lui reconna\u00eet aujourd\u2019hui la nation ivoirienne qui sait rendre hommage \u00e0 ses dignes fils, comme il en a \u00e9t\u00e9 en son temps avec Roger Fulgence Kassi, Ernesto Dj\u00e9dj\u00e9, Doug Saga et plus r\u00e9cemment DJ Arafat, \u00e0 la diff\u00e9rence que Hamed Bakayoko est, lui, un homme politique qui revendiquait son appartenance \u00e0 une formation politique et qui aurait pu \u00eatre un personnage clivant comme savent si bien le faire certains de ses pairs engag\u00e9s. Lui a su malgr\u00e9 tout rester proche de tout le monde avec un humanisme reconnu qui fait quasiment l\u2019unanimit\u00e9. ?<\/em><em>C\u2019est dire si l\u2019Homme de m\u00e9dia devenu Homme politique et Homme d\u2019Etat, a su minutieusement construire sa carri\u00e8re et son image au point de para\u00eetre aujourd\u2019hui le symbole de l\u2019adage selon lequel \u00ab\u00a0la politique, ce n\u2019est pas la guerre\u00a0\u00bb, dans un pays o\u00f9 les divergences politiques ont souvent montr\u00e9 qu\u2019elles pouvaient aller \u00a0au-del\u00e0 de la simple adversit\u00e9 id\u00e9ologique pour se muer en pure haine visc\u00e9rale.<\/em><\/p>\n<p class=\"c4\"><em>\u00a0<\/em><\/p>\n<p class=\"c6\"><strong><em>On se demande si les mesures-barri\u00e8res pourront \u00eatre suffisamment respect\u00e9es<\/em><\/strong><\/p>\n<p class=\"c6\"><strong><em>\u00a0<\/em><\/strong><\/p>\n<p class=\"c4\"><em>C\u2019est pourquoi l\u2019exemple de Hamed Bakayoko qui se pla\u00e7ait volontiers en passerelle entre les diff\u00e9rentes chapelles politiques, doit faire \u00a0\u00e9cole en C\u00f4te d\u2019Ivoire o\u00f9 la classe politique est aujourd\u2019hui unanime \u00e0 reconna\u00eetre ses m\u00e9rites. Surtout si cela peut permettre de\u00a0 d\u00e9sarmer les c\u0153urs et de rapprocher les Ivoiriens qui ont su taire, \u00e0 la faveur de ses obs\u00e8ques nationales, leurs divergences pour accompagner, dans une douleur partag\u00e9e, l\u2019enfant de S\u00e9gu\u00e9la en route vers sa derni\u00e8re demeure. Une mobilisation des grands jours \u00a0\u00a0pour cet homme connu pour \u00eatre proche des masses, notamment les artistes qu\u2019il soutenait \u00e0 bout de bras, qui lui ont renvoy\u00e9 l\u2019ascenseur \u00e0 travers une veill\u00e9e artistique qui a battu les records en terme de participation. Mais quand on sait que la C\u00f4te d\u2019Ivoire est l\u2019un des pays de la sous-r\u00e9gion ouest-africaine les plus touch\u00e9s par la pand\u00e9mie de Covid-19, on se demande si les mesures-barri\u00e8res \u00e9taient suffisamment respect\u00e9es pour \u00e9viter que ces moments de vives \u00e9motions et d\u2019effusion \u00a0concourent, d\u2019une mani\u00e8re ou d\u2019une autre, \u00e0 la r\u00e9surgence du redoutable virus.<\/em><\/p>\n<p class=\"c4\"><em>\u00a0<\/em><\/p>\n<p class=\"c6\"><strong><em>\u00ab\u00a0Le Pays\u00a0\u00bb<\/em><\/strong><\/p>\n<p>Auteur: Editions LEPAYS<br \/>\n<a href=\"https:\/\/lepays.bf\/hommage-national-a-hamed-bakayoko-en-rci-2\/\">Cliquez ici pour lire l&rsquo;article depuis sa source.<\/a><\/p>\n","protected":false},"excerpt":{"rendered":"<p>Dans la continuit\u00e9 des huit jours de deuil national d\u00e9cr\u00e9t\u00e9 par le pr\u00e9sident Alassane Dramane Ouattara (ADO) suite au d\u00e9c\u00e8s brutal, par suite d\u2019un \u00ab\u00a0cancer foudroyant\u00a0\u00bb, le 10 mars dernier en Allemagne, de son Premier ministre, Hamed Bakayoko, la nation ivoirienne a rendu le 17 mars 2021, un dernier hommage \u00e0 l\u2019enfant de S\u00e9gu\u00e9la en [&hellip;]<\/p>\n","protected":false},"author":1813,"featured_media":0,"comment_status":"closed","ping_status":"closed","sticky":false,"template":"","format":"standard","meta":{"fifu_image_url":"","fifu_image_alt":"","footnotes":""},"categories":[73,81],"tags":[],"class_list":["post-113270","post","type-post","status-publish","format-standard","hentry","category-actualite","category-burkina-faso"],"_links":{"self":[{"href":"https:\/\/linitiative.ca\/International\/wp-json\/wp\/v2\/posts\/113270","targetHints":{"allow":["GET"]}}],"collection":[{"href":"https:\/\/linitiative.ca\/International\/wp-json\/wp\/v2\/posts"}],"about":[{"href":"https:\/\/linitiative.ca\/International\/wp-json\/wp\/v2\/types\/post"}],"author":[{"embeddable":true,"href":"https:\/\/linitiative.ca\/International\/wp-json\/wp\/v2\/users\/1813"}],"replies":[{"embeddable":true,"href":"https:\/\/linitiative.ca\/International\/wp-json\/wp\/v2\/comments?post=113270"}],"version-history":[{"count":0,"href":"https:\/\/linitiative.ca\/International\/wp-json\/wp\/v2\/posts\/113270\/revisions"}],"wp:attachment":[{"href":"https:\/\/linitiative.ca\/International\/wp-json\/wp\/v2\/media?parent=113270"}],"wp:term":[{"taxonomy":"category","embeddable":true,"href":"https:\/\/linitiative.ca\/International\/wp-json\/wp\/v2\/categories?post=113270"},{"taxonomy":"post_tag","embeddable":true,"href":"https:\/\/linitiative.ca\/International\/wp-json\/wp\/v2\/tags?post=113270"}],"curies":[{"name":"wp","href":"https:\/\/api.w.org\/{rel}","templated":true}]}}