{"id":113271,"date":"2021-03-17T15:21:06","date_gmt":"2021-03-17T19:21:06","guid":{"rendered":"https:\/\/linitiative.ca\/International\/cellou-empeche-de-se-rendre-aux-obseques-de-ham-bak\/"},"modified":"2021-03-17T15:21:06","modified_gmt":"2021-03-17T19:21:06","slug":"cellou-empeche-de-se-rendre-aux-obseques-de-ham-bak","status":"publish","type":"post","link":"https:\/\/linitiative.ca\/International\/cellou-empeche-de-se-rendre-aux-obseques-de-ham-bak\/","title":{"rendered":"CELLOU EMPECHE DE SE RENDRE AUX OBSEQUES DE HAM BAK"},"content":{"rendered":"<p class=\"c4\"><em>Le 16 mars dernier, alors qu\u2019il se rendait \u00e0 Abidjan pour participer aux obs\u00e8ques du Premier ministre ivoirien, Hamed Bakayoko (Ham<\/em><em>Bak), le principal opposant guin\u00e9en s\u2019est vu emp\u00eacher de prendre l\u2019avion \u00e0 l\u2019a\u00e9roport de Conakry. Sur-le-champ, son passeport lui a \u00e9t\u00e9 retir\u00e9. L\u2019opposant, Cellou Dalein Diallo, expliquera plus tard que l\u2019Internationale lib\u00e9rale dont il est le vice-pr\u00e9sident, l\u2019avait mandat\u00e9 pour repr\u00e9senter l\u2019organisation \u00e0 ces obs\u00e8ques et\u00a0porter son message de condol\u00e9ances au pr\u00e9sident Alassane Dramane Ouattara (ADO), \u00e0 sa famille politique, le RHDP, ainsi qu\u2019\u00e0 la famille du d\u00e9funt. Et quid des relations personnelles qui existaient entre les natifs du Fouta et de S\u00e9gu\u00e9la\u00a0?\u00a0 Toujours est-il que ce n\u2019est pas la premi\u00e8re fois que le poil \u00e0 gratter du r\u00e9gime de Conakry, est emp\u00each\u00e9 de quitter la capitale dans des circonstances douloureuses similaires. Son \u00e9lan de solidarit\u00e9 et de compassion avait \u00e9t\u00e9, en effet, stopp\u00e9 net quand il avait entrepris d\u2019aller pr\u00e9senter ses condol\u00e9ances aux familles \u00e9plor\u00e9es des deux illustres disparus, Souma\u00efla Ciss\u00e9, Chef de file de l\u2019opposition malienne, et Amadou Gon Coulibaly, Premier ministre de C\u00f4te d\u2019Ivoire. Faut-il y voir un acharnement du pouvoir guin\u00e9en et le signe de l\u2019ex\u00e9crabilit\u00e9 des rapports entre Alpha Cond\u00e9 et son principal opposant\u00a0?\u00a0 C\u2019est fort probable. On pourrait m\u00eame y voir de la hargne\u00a0! Jusqu\u2019o\u00f9 ira-t-elle\u00a0? Que Dalein Diallo continue de sortir par les trous du nez du Pr Cond\u00e9, passe encore\u00a0!\u00a0 Mais qu\u2019en ces moments de deuil national ivoirien o\u00f9 la tendance devrait plut\u00f4t \u00eatre \u00a0\u00e0 la tr\u00eave, le locataire du palais S\u00e9khoutoureyah refuse de remettre l\u2019\u00e9p\u00e9e au fourreau, c\u2019est malsain.\u00a0\u00a0 C\u2019est une honte pour le pouvoir guin\u00e9en\u00a0! Tellement inf\u00e2me que l\u2019affaire semble avoir embarrass\u00e9 les tenants du pouvoir qui disent n\u2019\u00eatre pas au courant de l\u2019incident.\u00a0\u00a0 De qui se moque-t-on\u00a0? Si tout cela rel\u00e8ve du mensonge, que l\u2019opposant soit donc vite autoris\u00e9 \u00e0 reprendre son avion.<\/em><\/p>\n<p class=\"c4\"><em>\u00a0<\/em><\/p>\n<p class=\"c6\"><strong><em>Alpha Cond\u00e9 ne semble pas \u00ab\u00a0rassasi\u00e9\u00a0\u00bb de vengeance<\/em><\/strong><\/p>\n<p class=\"c4\"><em>\u00a0<\/em><\/p>\n<p class=\"c4\"><em>C\u2019est connu\u00a0: ailleurs et en Afrique surtout, le deuil est un moment de recueillement et de rassemblement qui transcende les clivages et les querelles. En pareilles circonstances, les divergences politiques et id\u00e9ologiques, d\u2019o\u00f9 qu\u2019elles \u00e9manent des quatre coins de la plan\u00e8te, sont tues, ne serait-ce que momentan\u00e9ment. Et ce n\u2019est pas Ham Bak qui s\u2019en plaindrait\u00a0; lui dont la qualit\u00e9 de grand rassembleur devant l\u2019Eternel, aura longuement \u00e9t\u00e9 magnifi\u00e9e par les vivants.\u00a0 C\u2019est dire si, d\u2019en-haut, le d\u00e9funt a d\u00fb \u00eatre profond\u00e9ment afflig\u00e9 par l\u2019incident survenu derni\u00e8rement \u00e0 l\u2019a\u00e9roport de Conakry. En tout cas, dans son d\u00e9sir ardent de se rendre \u00e0 Abidjan, on ne peut pas soup\u00e7onner le leader de l\u2019Union des Forces d\u00e9mocratiques de Guin\u00e9e (UFDG), d\u2019avoir nourri des ambitions putschistes, \u00e0 moins que le pouvoir de Conakry n\u2019y apporte la preuve irr\u00e9futable du contraire.\u00a0\u00a0 On peut croire que M. Diallo n\u2019y allait pas pour mobiliser des foules hostiles au pouvoir en place. Cette \u00e9ni\u00e8me interdiction de sortie du territoire guin\u00e9en, qui ne se fonde manifestement sur aucune base l\u00e9gale, participe-t-elle d\u2019une strat\u00e9gie du pouvoir visant \u00e0 couper l\u2019opposant guin\u00e9en de tous ses r\u00e9seaux et \u00e0 lui rendre la vie impossible\u00a0? Le temp\u00e9rament du ma\u00eetre \u00a0de Conakry, n\u2019incite pas, h\u00e9las, \u00e0 penser le contraire.\u00a0 Il faut croire que le Pr Alpha Cond\u00e9 en veut toujours \u00e0 tous ses opposants qui avaient tent\u00e9, bien que sans succ\u00e8s, de lui barrer la route dans sa funeste marche vers un 3<sup>e<\/sup> bail \u00e0 la t\u00eate de l\u2019Etat. Et particuli\u00e8rement au Chef de file de l\u2019opposition qui ne cesse de revendiquer sa victoire \u00e0 la derni\u00e8re pr\u00e9sidentielle. Pour l\u2019exercice de ce 3<sup>e<\/sup> mandat, le tribut \u00e0 payer a \u00e9t\u00e9 lourd\u00a0! Et visiblement, l\u2019opposition n\u2019est pas au bout de ses peines comme c\u2019est le cas pour son chef. Mais en multipliant les mis\u00e8res et humiliations \u00e0 l\u2019encontre de son principal opposant, Alpha Cond\u00e9 qui ne semble pas \u00ab\u00a0rassasi\u00e9\u00a0\u00bb de vengeance, donne davantage raison \u00e0 tous ceux qui le taxent de dictateur, qui pis est, incapable de prendre de la hauteur face au deuil qui frappe en ce moment le peuple ivoirien. Alors qu\u2019il a pris part aux obs\u00e8ques de Ham Bak, pourquoi son opposant, lui, devait-il en \u00eatre interdit\u00a0? En la mati\u00e8re, le dirigeant guin\u00e9en devrait s\u2019inspirer de l\u2019exemple burkinab\u00e8. Au d\u00e9c\u00e8s du Premier ministre ivoirien, Amadou Gon Coulibaly, pouvoir et opposition burkinab\u00e8 avaient form\u00e9 une seule d\u00e9l\u00e9gation et avaient voyag\u00e9 dans le m\u00eame avion, pour aller pr\u00e9senter la compassion du peuple burkinab\u00e8 \u00e0 celui de C\u00f4te d\u2019Ivoire.\u00a0 Si Alpha Cond\u00e9 n\u2019en est pas capable, la d\u00e9cence voudrait, au moins, qu\u2019il ne f\u00e2che pas les morts en refusant \u00e0 certains de leurs amis, connaissances et sympathisants, de venir leur faire leurs adieux.\u00a0 Ce n\u2019est pas tol\u00e9rable ni humain.<\/em><\/p>\n<p class=\"c4\"><em>\u00a0<\/em><\/p>\n<p class=\"c6\"><strong><em>\u00a0CBS<\/em><\/strong><\/p>\n<p class=\"c4\"><em>\u00a0<\/em><\/p>\n<p>Auteur: Editions LEPAYS<br \/>\n<a href=\"https:\/\/lepays.bf\/cellou-empeche-de-se-rendre-aux-obseques-de-ham-bak\/\">Cliquez ici pour lire l&rsquo;article depuis sa source.<\/a><\/p>\n","protected":false},"excerpt":{"rendered":"<p>Le 16 mars dernier, alors qu\u2019il se rendait \u00e0 Abidjan pour participer aux obs\u00e8ques du Premier ministre ivoirien, Hamed Bakayoko (HamBak), le principal opposant guin\u00e9en s\u2019est vu emp\u00eacher de prendre l\u2019avion \u00e0 l\u2019a\u00e9roport de Conakry. Sur-le-champ, son passeport lui a \u00e9t\u00e9 retir\u00e9. L\u2019opposant, Cellou Dalein Diallo, expliquera plus tard que l\u2019Internationale lib\u00e9rale dont il est [&hellip;]<\/p>\n","protected":false},"author":1813,"featured_media":0,"comment_status":"closed","ping_status":"closed","sticky":false,"template":"","format":"standard","meta":{"fifu_image_url":"","fifu_image_alt":"","footnotes":""},"categories":[73,81],"tags":[],"class_list":["post-113271","post","type-post","status-publish","format-standard","hentry","category-actualite","category-burkina-faso"],"_links":{"self":[{"href":"https:\/\/linitiative.ca\/International\/wp-json\/wp\/v2\/posts\/113271","targetHints":{"allow":["GET"]}}],"collection":[{"href":"https:\/\/linitiative.ca\/International\/wp-json\/wp\/v2\/posts"}],"about":[{"href":"https:\/\/linitiative.ca\/International\/wp-json\/wp\/v2\/types\/post"}],"author":[{"embeddable":true,"href":"https:\/\/linitiative.ca\/International\/wp-json\/wp\/v2\/users\/1813"}],"replies":[{"embeddable":true,"href":"https:\/\/linitiative.ca\/International\/wp-json\/wp\/v2\/comments?post=113271"}],"version-history":[{"count":0,"href":"https:\/\/linitiative.ca\/International\/wp-json\/wp\/v2\/posts\/113271\/revisions"}],"wp:attachment":[{"href":"https:\/\/linitiative.ca\/International\/wp-json\/wp\/v2\/media?parent=113271"}],"wp:term":[{"taxonomy":"category","embeddable":true,"href":"https:\/\/linitiative.ca\/International\/wp-json\/wp\/v2\/categories?post=113271"},{"taxonomy":"post_tag","embeddable":true,"href":"https:\/\/linitiative.ca\/International\/wp-json\/wp\/v2\/tags?post=113271"}],"curies":[{"name":"wp","href":"https:\/\/api.w.org\/{rel}","templated":true}]}}