{"id":113277,"date":"2021-03-17T18:04:05","date_gmt":"2021-03-17T22:04:05","guid":{"rendered":"https:\/\/linitiative.ca\/International\/maroc-8-mars-bouchra-el-hafed-une-sacree-militante-du-sport-scolaire\/"},"modified":"2021-03-17T18:04:05","modified_gmt":"2021-03-17T22:04:05","slug":"maroc-8-mars-bouchra-el-hafed-une-sacree-militante-du-sport-scolaire","status":"publish","type":"post","link":"https:\/\/linitiative.ca\/International\/maroc-8-mars-bouchra-el-hafed-une-sacree-militante-du-sport-scolaire\/","title":{"rendered":"Maroc\/8 mars\u00a0: Bouchra El Hafed, une sacr\u00e9e militante du sport scolaire"},"content":{"rendered":"<p>Par Hicham Alaoui \u2014 Du haut de ses 20 ans de carri\u00e8re d\u00e9vou\u00e9e \u00e0 la promotion du sport scolaire au niveau r\u00e9gional, Bouchra El Hafed s\u2019est forg\u00e9e une image de militante de cette discipline, rest\u00e9e le plus souvent l\u2019apanage des hommes.\u00a0Nourrie de passion et d\u2019\u00e9nergie n\u00e9cessaire pour aborder la vie et surpasser les difficult\u00e9s, cette native de la ville de Sidi Kacem (137 km au nord de Rabat), dispose d\u2019une riche carri\u00e8re \u00e9ducative en tant qu\u2019enseignante du 2\u00e8me cycle d\u2019\u00e9ducation physique et sportive.\u00a0<\/p>\n<p>Apr\u00e8s avoir d\u00e9croch\u00e9 le dipl\u00f4me de sortie de l\u2019Ecole normale sup\u00e9rieure (ENS) en 2001, Mme El Hafed a \u00e9t\u00e9 affect\u00e9e \u00e0 Taliouine (r\u00e9gion d\u2019Agadir) o\u00f9 elle avait fait ses premiers pas dans l\u2019enseignement d\u2019\u00e9ducation physique et sportive avant d\u2019\u00eatre mut\u00e9e \u00e0 la ville d\u2019Agadir pour poursuivre sa carri\u00e8re dans la m\u00eame discipline avec d\u00e9vouement et abn\u00e9gation.\u00a0<\/p>\n<p>En 2015, elle a rejoint la capitale Rabat et plus pr\u00e9cis\u00e9ment le lyc\u00e9e Ibrahim Roudani et au m\u00eame titre, d\u00e9sign\u00e9e, charg\u00e9e de mission \u00e0 la Direction provinciale de l\u2019Education nationale relevant de l\u2019Acad\u00e9mie de l\u2019Education et de la Formation de Rabat.\u00a0<\/p>\n<p>Connue pour son \u00e9nergie d\u00e9bordante, sa passion communicative o\u00f9 elle s\u2019engage et qu\u2019elle m\u00e8ne tambour battant, Mme El Hafed s\u2019est distingu\u00e9e par ses activit\u00e9s et initiatives au service du d\u00e9veloppement du sport scolaire qui fait face \u00e0 une multitude de difficult\u00e9s li\u00e9es \u00e0 la formation, \u00e0 la faiblesse des ressources financi\u00e8res, au manque d\u2019infrastructures et \u00e0 la qualification du capital humain.<\/p>\n<p>Un constat peu reluisant en d\u00e9pit des efforts d\u00e9ploy\u00e9s par le minist\u00e8re de l\u2019\u00e9ducation nationale \u00e0 travers sa nouvelle strat\u00e9gie nationale et l\u2019int\u00e9gration de nouvelles activit\u00e9s sportives dans les championnats scolaires, le sport scolaire n\u2019est pas encore sur les chapeaux de roue. Et pour cause, le manque d\u2019implication des diff\u00e9rents acteurs et intervenants dans le secteur.<\/p>\n<p>Dans son bureau \u00e0 la Direction provinciale, Mme El Hafed encha\u00eene les t\u00e2ches et les missions \u00e0 longueur de journ\u00e9e, entre coordination avec les partenaires, visites des lyc\u00e9es, r\u00e9daction des rapports et conception de projets de d\u00e9veloppement du sport scolaire. En sus, de ses fonctions en tant que professeur d\u2019\u00e9ducation physique au lyc\u00e9e.<\/p>\n<p>\u00a0\u00ab Il y a des probl\u00e8mes certes, mais nous faisons de notre mieux pour hisser le sport scolaire au rang qui lui \u00e9choit. Nous tenons \u00e0 organiser des activit\u00e9s sportives au profit des \u00e9l\u00e8ves de toute cat\u00e9gorie d\u2019\u00e2ge, \u00e0 sensibiliser \u00e0 l\u2019importance du sport scolaire et \u00e0 mener des initiatives en partenariat avec le minist\u00e8re de la Jeunesse et des Sports et les f\u00e9d\u00e9rations sportives nationales \u00bb, a-t-elle confi\u00e9 dans un entretien \u00e0 APA \u00e0 l\u2019occasion de la Journ\u00e9e mondiale de la femme.<\/p>\n<p>\u00a0Chaque journ\u00e9e de travail renforce son attachement \u00e0 son m\u00e9tier et la remplit d\u2019enthousiasme pour continuer \u00e0 mener ses missions avec la plus haute d\u00e9termination.<\/p>\n<p>\u00ab Toutes les comp\u00e9tences nationales, enseignants, inspecteurs, directeurs d\u2019\u00e9tablissements et administrateurs, travaillent de concert et militent d\u2019arrache-pied pour mettre en \u0153uvre la strat\u00e9gie nationale de promotion du sport scolaire au sein des \u00e9tablissements scolaires et encourager tous les \u00e9l\u00e8ves \u00e0 pratiquer le sport r\u00e9guli\u00e8rement \u00bb, a-t-elle soulign\u00e9.<\/p>\n<p>Pour elle, la mission principale des responsables que ce soit au minist\u00e8re ou aux directions provinciales est, certes, de permettre \u00e0 la jeune g\u00e9n\u00e9ration d\u2019acqu\u00e9rir les connaissances relatives \u00e0 la sant\u00e9 et \u00e0 la pr\u00e9vention r\u00e9sultant d\u2019une pratique utile des activit\u00e9s sportives, de d\u00e9velopper les comp\u00e9tences cognitives, sportives et cin\u00e9tiques des \u00e9l\u00e8ves et de participer aux diff\u00e9rentes comp\u00e9titions sportives scolaires nationales et internationales dans le but de promouvoir le sport scolaire et son rayonnement et repr\u00e9senter dignement le Maroc.<\/p>\n<p>\u00a0\u00ab Notre ultime objectif est de pr\u00e9parer les \u00e9l\u00e8ves pour une pratique sportive r\u00e9guli\u00e8re afin d\u2019ancrer en eux le besoin du mouvement et de la pratique sportive au terme des \u00e9tudes scolaires et de d\u00e9velopper l\u2019esprit sportif et instaurer les principes \u00e9ducatifs et moraux chez les apprenants afin de sensibiliser la soci\u00e9t\u00e9 et contribuer \u00e0 son \u00e9volution \u00bb, a enchain\u00e9 Mme El Hafed, sourire aux l\u00e8vres.<\/p>\n<p>\u00a0Incarnant le mod\u00e8le de la femme disciplin\u00e9e et respect\u00e9e et conjuguant f\u00e9minit\u00e9 et forte personnalit\u00e9, Mme El Hafed, doctorante en Droit international, ne m\u00e9nage aucun effort pour r\u00e9aliser son ambition de voir le sport scolaire marocain parmi les plus performants aux niveaux national, r\u00e9gional et continental.<\/p>\n<p>\u00ab Mon ambition est de former une jeune g\u00e9n\u00e9ration capable de lib\u00e9rer et de faire valoir ses talents, de parfaire leurs comp\u00e9tences sportives et de relever les d\u00e9fis futurs des cadres sportifs \u00bb, a-t-elle formul\u00e9 le v\u0153u.<\/p>\n<p>Mettre en \u00e9vidence la personnalit\u00e9 des pratiquants, affiner leurs dons et leurs comp\u00e9tences sportives et am\u00e9liorer leur niveau de vie, tels sont, entre autres, les objectifs fix\u00e9s.<\/p>\n<p>Gr\u00e2ce \u00e0 son sens de responsabilit\u00e9 et son grand enthousiasme pour son travail, Mme El Hafed est devenue un exemple de discipline, ce qui lui a permis de mener \u00e0 bien ses missions et lui a valu le respect et la consid\u00e9ration de ses coll\u00e8gues et de ses sup\u00e9rieurs.<\/p>\n<p>La c\u00e9l\u00e9bration de la Journ\u00e9e internationale de la femme est l\u2019occasion propice pour souligner la forte pr\u00e9sence de la femme enseignante, dont la grandeur de la mission qu\u2019elle remplit constitue le socle de la soci\u00e9t\u00e9.<\/p>\n<p>\u00ab L\u2019enseignement est un m\u00e9tier noble, passionnant et exigeant. Il y a un plaisir et une vocation qui animent les enseignants dans l\u2019exercice de leur devoir. Les enseignants contribuent \u00e0 la construction de la soci\u00e9t\u00e9 en d\u00e9veloppant les comp\u00e9tences des \u00e9l\u00e8ves et en favorisant leur r\u00e9ussite. Ils ont aussi d\u2019autres responsabilit\u00e9s notamment la transmission des valeurs de la soci\u00e9t\u00e9 \u00e0 leurs \u00e9l\u00e8ves qui leur permettent de vivre ensemble et d\u2019\u00eatre les citoyens de demain \u00bb, a-t-elle r\u00e9sum\u00e9.<\/p>\n<p>Et d\u2019ajouter : \u00ab C\u2019est vrai que les difficult\u00e9s sont nombreuses et les conditions de travail ne sont pas toujours favorables, mais les enseignants sont engag\u00e9s dans quelque chose de plus grand, dans l\u2019espoir de faire une diff\u00e9rence. Ils se donnent corps et \u00e2me sans compter avec passion, abn\u00e9gation et s\u00e9rieux pour r\u00e9ussir la lourde mission dont ils sont investis \u00e0 savoir : instruire et \u00e9duquer la jeunesse, laquelle constitue l\u2019avenir de la nation \u00bb.<\/p>\n<p>Auteur: APA News<br \/>\n<a href=\"https:\/\/www.journalducameroun.com\/maroc-8-mars-bouchra-el-hafed-une-sacree-militante-du-sport-scolaire\/\">Cliquez ici pour lire l&rsquo;article depuis sa source.<\/a><\/p>\n","protected":false},"excerpt":{"rendered":"<p>Par Hicham Alaoui \u2014 Du haut de ses 20 ans de carri\u00e8re d\u00e9vou\u00e9e \u00e0 la promotion du sport scolaire au niveau r\u00e9gional, Bouchra El Hafed s\u2019est forg\u00e9e une image de militante de cette discipline, rest\u00e9e le plus souvent l\u2019apanage des hommes.\u00a0Nourrie de passion et d\u2019\u00e9nergie n\u00e9cessaire pour aborder la vie et surpasser les difficult\u00e9s, cette [&hellip;]<\/p>\n","protected":false},"author":1965,"featured_media":0,"comment_status":"closed","ping_status":"closed","sticky":false,"template":"","format":"standard","meta":{"fifu_image_url":"","fifu_image_alt":"","footnotes":""},"categories":[73,82],"tags":[],"class_list":["post-113277","post","type-post","status-publish","format-standard","hentry","category-actualite","category-cameroun"],"_links":{"self":[{"href":"https:\/\/linitiative.ca\/International\/wp-json\/wp\/v2\/posts\/113277","targetHints":{"allow":["GET"]}}],"collection":[{"href":"https:\/\/linitiative.ca\/International\/wp-json\/wp\/v2\/posts"}],"about":[{"href":"https:\/\/linitiative.ca\/International\/wp-json\/wp\/v2\/types\/post"}],"author":[{"embeddable":true,"href":"https:\/\/linitiative.ca\/International\/wp-json\/wp\/v2\/users\/1965"}],"replies":[{"embeddable":true,"href":"https:\/\/linitiative.ca\/International\/wp-json\/wp\/v2\/comments?post=113277"}],"version-history":[{"count":0,"href":"https:\/\/linitiative.ca\/International\/wp-json\/wp\/v2\/posts\/113277\/revisions"}],"wp:attachment":[{"href":"https:\/\/linitiative.ca\/International\/wp-json\/wp\/v2\/media?parent=113277"}],"wp:term":[{"taxonomy":"category","embeddable":true,"href":"https:\/\/linitiative.ca\/International\/wp-json\/wp\/v2\/categories?post=113277"},{"taxonomy":"post_tag","embeddable":true,"href":"https:\/\/linitiative.ca\/International\/wp-json\/wp\/v2\/tags?post=113277"}],"curies":[{"name":"wp","href":"https:\/\/api.w.org\/{rel}","templated":true}]}}