{"id":113279,"date":"2021-03-17T18:04:16","date_gmt":"2021-03-17T22:04:16","guid":{"rendered":"https:\/\/linitiative.ca\/International\/cameroun-paiement-differe-des-impots-pour-cause-du-covid-19\/"},"modified":"2021-03-17T18:04:16","modified_gmt":"2021-03-17T22:04:16","slug":"cameroun-paiement-differe-des-impots-pour-cause-du-covid-19","status":"publish","type":"post","link":"https:\/\/linitiative.ca\/International\/cameroun-paiement-differe-des-impots-pour-cause-du-covid-19\/","title":{"rendered":"Cameroun : paiement diff\u00e9r\u00e9 des imp\u00f4ts pour cause du Covid-19"},"content":{"rendered":"<div readability=\"32\">\n<p>Publi\u00e9 le 16.03.2021 \u00e0 17h05 par Christian DJIMADEU<\/p>\n<\/div>\n<div readability=\"42\">\n<p class=\"c8\">Le ministre camerounais des Finances (Minfi), Louis Paul Motaz\u00e9, vient d\u2019annoncer la prorogation des d\u00e9lais de paiement des soldes des imp\u00f4ts pour le compte de l\u2019exercice budg\u00e9taire 2020.<\/p>\n<p class=\"c8\">Cette d\u00e9cision, pr\u00e9cise-t-il dans un communiqu\u00e9 officiel, vise \u00e0 \u00ab\u00a0<em>accompagner les contribuables dans le contexte de crise sanitaire persistante (Covid-19, Ndlr) et de d\u00e9mat\u00e9rialisation des proc\u00e9dures fiscales\u00a0<\/em>\u00bb.<\/p>\n<\/div>\n<p>Auteur: Christian DJIMADEU<br \/>\n<a href=\"https:\/\/www.journalducameroun.com\/cameroun-paiement-differe-des-impots-pour-cause-du-covid-19-cameroun\/\">Cliquez ici pour lire l&rsquo;article depuis sa source.<\/a><\/p>\n","protected":false},"excerpt":{"rendered":"<p>Publi\u00e9 le 16.03.2021 \u00e0 17h05 par Christian DJIMADEU Le ministre camerounais des Finances (Minfi), Louis Paul Motaz\u00e9, vient d\u2019annoncer la prorogation des d\u00e9lais de paiement des soldes des imp\u00f4ts pour le compte de l\u2019exercice budg\u00e9taire 2020. Cette d\u00e9cision, pr\u00e9cise-t-il dans un communiqu\u00e9 officiel, vise \u00e0 \u00ab\u00a0accompagner les contribuables dans le contexte de crise sanitaire persistante [&hellip;]<\/p>\n","protected":false},"author":1965,"featured_media":0,"comment_status":"closed","ping_status":"closed","sticky":false,"template":"","format":"standard","meta":{"fifu_image_url":"","fifu_image_alt":"","footnotes":""},"categories":[73,82],"tags":[],"class_list":["post-113279","post","type-post","status-publish","format-standard","hentry","category-actualite","category-cameroun"],"_links":{"self":[{"href":"https:\/\/linitiative.ca\/International\/wp-json\/wp\/v2\/posts\/113279","targetHints":{"allow":["GET"]}}],"collection":[{"href":"https:\/\/linitiative.ca\/International\/wp-json\/wp\/v2\/posts"}],"about":[{"href":"https:\/\/linitiative.ca\/International\/wp-json\/wp\/v2\/types\/post"}],"author":[{"embeddable":true,"href":"https:\/\/linitiative.ca\/International\/wp-json\/wp\/v2\/users\/1965"}],"replies":[{"embeddable":true,"href":"https:\/\/linitiative.ca\/International\/wp-json\/wp\/v2\/comments?post=113279"}],"version-history":[{"count":0,"href":"https:\/\/linitiative.ca\/International\/wp-json\/wp\/v2\/posts\/113279\/revisions"}],"wp:attachment":[{"href":"https:\/\/linitiative.ca\/International\/wp-json\/wp\/v2\/media?parent=113279"}],"wp:term":[{"taxonomy":"category","embeddable":true,"href":"https:\/\/linitiative.ca\/International\/wp-json\/wp\/v2\/categories?post=113279"},{"taxonomy":"post_tag","embeddable":true,"href":"https:\/\/linitiative.ca\/International\/wp-json\/wp\/v2\/tags?post=113279"}],"curies":[{"name":"wp","href":"https:\/\/api.w.org\/{rel}","templated":true}]}}