{"id":113280,"date":"2021-03-17T18:04:20","date_gmt":"2021-03-17T22:04:20","guid":{"rendered":"https:\/\/linitiative.ca\/International\/cameroun-paul-biya-depeche-une-mission-humanitaire-en-guinee-equatoriale\/"},"modified":"2021-03-17T18:04:20","modified_gmt":"2021-03-17T22:04:20","slug":"cameroun-paul-biya-depeche-une-mission-humanitaire-en-guinee-equatoriale","status":"publish","type":"post","link":"https:\/\/linitiative.ca\/International\/cameroun-paul-biya-depeche-une-mission-humanitaire-en-guinee-equatoriale\/","title":{"rendered":"Cameroun : Paul Biya d\u00e9p\u00eache une mission humanitaire en Guin\u00e9e \u00e9quatoriale"},"content":{"rendered":"<div readability=\"32\">\n<p>Publi\u00e9 le 16.03.2021 \u00e0 18h21 par Journal du Cameroun<\/p>\n<\/div>\n<div readability=\"43\">\n<p class=\"c8\">En solidarit\u00e9 au drame caus\u00e9 par l\u2019explosion de dynamites et d\u2019autres explosifs\u00a0qui ont d\u00e9vast\u00e9 la quasi-totalit\u00e9 de la ville de Bata en Guin\u00e9e \u00e9quatoriale, le chef de l\u2019Etat camerounais Paul Biya a d\u00e9p\u00each\u00e9 le 15 mars une mission humanitaire d\u2019assistance.<\/p>\n<p class=\"c8\">Conduite par les ministres de la D\u00e9fense, Joseph Beti Assomo, et l\u2019Administration territoriale, Paul Atanga Nji, \u00a0elle comprend une soixantaine de personnes. Parmi lesquels les \u00e9l\u00e9ments de la sant\u00e9 militaire et du g\u00e9nie militaire.<\/p>\n<\/div>\n<p>Auteur: Christian DJIMADEU<br \/>\n<a href=\"https:\/\/www.journalducameroun.com\/cameroun-paul-biya-depeche-une-mission-humanitaire-en-guinee-equatoriale\/\">Cliquez ici pour lire l&rsquo;article depuis sa source.<\/a><\/p>\n","protected":false},"excerpt":{"rendered":"<p>Publi\u00e9 le 16.03.2021 \u00e0 18h21 par Journal du Cameroun En solidarit\u00e9 au drame caus\u00e9 par l\u2019explosion de dynamites et d\u2019autres explosifs\u00a0qui ont d\u00e9vast\u00e9 la quasi-totalit\u00e9 de la ville de Bata en Guin\u00e9e \u00e9quatoriale, le chef de l\u2019Etat camerounais Paul Biya a d\u00e9p\u00each\u00e9 le 15 mars une mission humanitaire d\u2019assistance. Conduite par les ministres de la [&hellip;]<\/p>\n","protected":false},"author":1965,"featured_media":0,"comment_status":"closed","ping_status":"closed","sticky":false,"template":"","format":"standard","meta":{"fifu_image_url":"","fifu_image_alt":"","footnotes":""},"categories":[73,82],"tags":[],"class_list":["post-113280","post","type-post","status-publish","format-standard","hentry","category-actualite","category-cameroun"],"_links":{"self":[{"href":"https:\/\/linitiative.ca\/International\/wp-json\/wp\/v2\/posts\/113280","targetHints":{"allow":["GET"]}}],"collection":[{"href":"https:\/\/linitiative.ca\/International\/wp-json\/wp\/v2\/posts"}],"about":[{"href":"https:\/\/linitiative.ca\/International\/wp-json\/wp\/v2\/types\/post"}],"author":[{"embeddable":true,"href":"https:\/\/linitiative.ca\/International\/wp-json\/wp\/v2\/users\/1965"}],"replies":[{"embeddable":true,"href":"https:\/\/linitiative.ca\/International\/wp-json\/wp\/v2\/comments?post=113280"}],"version-history":[{"count":0,"href":"https:\/\/linitiative.ca\/International\/wp-json\/wp\/v2\/posts\/113280\/revisions"}],"wp:attachment":[{"href":"https:\/\/linitiative.ca\/International\/wp-json\/wp\/v2\/media?parent=113280"}],"wp:term":[{"taxonomy":"category","embeddable":true,"href":"https:\/\/linitiative.ca\/International\/wp-json\/wp\/v2\/categories?post=113280"},{"taxonomy":"post_tag","embeddable":true,"href":"https:\/\/linitiative.ca\/International\/wp-json\/wp\/v2\/tags?post=113280"}],"curies":[{"name":"wp","href":"https:\/\/api.w.org\/{rel}","templated":true}]}}